{"id":6451,"date":"2010-02-05T22:51:10","date_gmt":"2010-02-05T22:51:10","guid":{"rendered":"https:\/\/www.cilip.de\/?p=6451"},"modified":"2010-02-05T22:51:10","modified_gmt":"2010-02-05T22:51:10","slug":"maerz-nachrichten-vom-bundesnachrichtendienst-bnd","status":"publish","type":"post","link":"https:\/\/wp-dev.daten.cool\/?p=6451","title":{"rendered":"M\u00e4rz-Nachrichten vom Bundesnachrichtendienst (BND)"},"content":{"rendered":"<p>Unter dem Titel \u201eeine geheime Stadt in der Stadt\u201c berichtete die FAZ am 26.\u00a0M\u00e4rz 2010 vom Richtfest f\u00fcr das neue Quartier des BND in Berlin. Es ist mit 260.000 Quadratmeter Geschossfl\u00e4che in einem zehn Hektar gro\u00dfen Gel\u00e4nde das bisher gr\u00f6\u00dfte sichtbare Bauvorhaben des Bundes. Ob es samt Umzug von 4.000 MitarbeiterInnen aus Pullach bei Kosten von rund 1,5 Milliarden Euro bleibt, wird nicht bekannt werden, solange der BND zur L\u00fcge des Verschweigens zwingt. Geheim gehalten wird auch die Organisationsform der neuen Zentrale an der Chausseestra\u00dfe.<!--more--><\/p>\n<p>Der Aufwand ist angesichts der N\u00f6te der Bev\u00f6lkerung skandal\u00f6s. Er wird es vollends, wenn dem BND-Pr\u00e4sidenten Ernst Uhrlau nur \u201esp\u00fcrbare Effizienz- und Erkenntnisgewinne\u201c als Begr\u00fcndung daf\u00fcr einfallen, dass BND, Bundeskanzleramt und Bundestag nun fast auf Rufweite, aber \u201estreng geheim\u201c Nachbarn werden. Um ihrer selbstbestimmten Verantwortlichkeit willen m\u00fcssten demokratische Regierungen und Parlamente das Wuseln geheimdienstlichen Unwesens auf ihren Fluren aufs \u00c4u\u00dferste f\u00fcrchten. G\u00e4be es verantwortliche Politik.<\/p>\n<p>Wie geheim der BND seine Gesch\u00e4fte betreibt, vermeldete die FAZ vom 18.\u00a0M\u00e4rz: \u201eDie Arbeit f\u00fcr Org 85\u201c schildert die an sich bekannte Tatsache, dass der BND-Mitarbeiter Hans-Henning Cromme 1963 von BND-Chef Reinhard Gehlen, den Auftrag erhielt, \u201egegen NS-Verbrecher in den eigenen Reihen zu ermitteln.\u201c Grund f\u00fcr den Auftrag war die Enttarnung von Werner Felfe als Doppelagent f\u00fcr den KGB. Crommes Bericht, dem zufolge nur 146 BNDler als fr\u00fchere SS-Angeh\u00f6rige ausgesiebt wurden \u2013 eine weitere Entbr\u00e4unung wurde nicht angestrebt \u2013, verschwand 1965 im Panzerschrank. Darin ruht er heute noch. Die Folgen der braunen Herkunft der zun\u00e4chst von den USA benutzten und 1956 der BRD zur\u00fcckgeschenkten \u201eOrganisation Gehlen\u201c interessieren nicht. Pr\u00e4sident Uhrlau pr\u00e4sentierte sich im FAZ-Interview als emphatischer Rechtsstaatler: \u201eWir unterliegen den gesetzlichen Bestimmungen, und auch Personen mit zweifelhafter Vergangenheit haben ein Recht auf Schutz ihrer Daten. Und wir k\u00f6nnen uns nicht \u00fcber das Recht stellen.\u201c Es lebe das Recht, das staatliche Geheimdienstrecht, mag die Republik auch untergehn!<\/p>\n<p>Das Bundesverwaltungsgericht hat am 24.\u00a0M\u00e4rz 2010 die Klage des Journalisten Andreas F\u00f6rster, der vom BND \u201eunter Versto\u00df gegen das Presserecht ausgesp\u00e4ht worden war\u201c \u201e\u00fcberwiegend abgewiesen\u201c. \u201eWeil die Ausforschung der Arbeitsweise des Bundesnachrichtendienstes zu be\u00adf\u00fcrchten war und der Auskunftsanspruch sich nicht auf die Herkunft der Daten und die Empf\u00e4nger der \u00dcbermittlungen erstreckt.\u201c<a href=\"#_ftn1\" name=\"_ftnref1\">[1]<\/a><\/p>\n<p>(Wolf-Dieter Narr)<\/p>\n<h5><a href=\"#_ftnref1\" name=\"_ftn1\">[1]<\/a>\u00a0\u00a0\u00a0\u00a0\u00a0 BVerwG: Pressemitteilung 15\/2010 v. 24.3.2010; Urteil v. 24.3.2010, Az.: 6 A 2.09<\/h5>\n<h3>Bild: Wikipedia (<a href=\"https:\/\/commons.wikimedia.org\/wiki\/User:Bjs\" target=\"_blank\" rel=\"noopener\">Bjs<\/a>, <a href=\"https:\/\/commons.wikimedia.org\/wiki\/File:BND-Pullach-bjs150628-06.jpg\" target=\"_blank\" rel=\"noopener\">BND-Pullach-bjs150628-06<\/a>, <a href=\"https:\/\/creativecommons.org\/licenses\/by-sa\/4.0\/legalcode\" target=\"_blank\" rel=\"noopener\">CC BY-SA 4.0<\/a>)<\/h3>\n","protected":false},"excerpt":{"rendered":"<p>Unter dem Titel \u201eeine geheime Stadt in der Stadt\u201c berichtete die FAZ am 26.\u00a0M\u00e4rz 2010<\/p>\n","protected":false},"author":8,"featured_media":12221,"comment_status":"closed","ping_status":"open","sticky":false,"template":"","format":"standard","meta":{"footnotes":""},"categories":[101,146],"tags":[],"class_list":["post-6451","post","type-post","status-publish","format-standard","has-post-thumbnail","hentry","category-cilip-095","category-meldungen-inland"],"_links":{"self":[{"href":"https:\/\/wp-dev.daten.cool\/index.php?rest_route=\/wp\/v2\/posts\/6451","targetHints":{"allow":["GET"]}}],"collection":[{"href":"https:\/\/wp-dev.daten.cool\/index.php?rest_route=\/wp\/v2\/posts"}],"about":[{"href":"https:\/\/wp-dev.daten.cool\/index.php?rest_route=\/wp\/v2\/types\/post"}],"author":[{"embeddable":true,"href":"https:\/\/wp-dev.daten.cool\/index.php?rest_route=\/wp\/v2\/users\/8"}],"replies":[{"embeddable":true,"href":"https:\/\/wp-dev.daten.cool\/index.php?rest_route=%2Fwp%2Fv2%2Fcomments&post=6451"}],"version-history":[{"count":0,"href":"https:\/\/wp-dev.daten.cool\/index.php?rest_route=\/wp\/v2\/posts\/6451\/revisions"}],"wp:featuredmedia":[{"embeddable":true,"href":"https:\/\/wp-dev.daten.cool\/index.php?rest_route=\/wp\/v2\/media\/12221"}],"wp:attachment":[{"href":"https:\/\/wp-dev.daten.cool\/index.php?rest_route=%2Fwp%2Fv2%2Fmedia&parent=6451"}],"wp:term":[{"taxonomy":"category","embeddable":true,"href":"https:\/\/wp-dev.daten.cool\/index.php?rest_route=%2Fwp%2Fv2%2Fcategories&post=6451"},{"taxonomy":"post_tag","embeddable":true,"href":"https:\/\/wp-dev.daten.cool\/index.php?rest_route=%2Fwp%2Fv2%2Ftags&post=6451"}],"curies":[{"name":"wp","href":"https:\/\/api.w.org\/{rel}","templated":true}]}}