{"id":6453,"date":"2010-02-05T22:52:03","date_gmt":"2010-02-05T22:52:03","guid":{"rendered":"https:\/\/www.cilip.de\/?p=6453"},"modified":"2010-02-05T22:52:03","modified_gmt":"2010-02-05T22:52:03","slug":"kameras-umfliegen-datenschutz","status":"publish","type":"post","link":"https:\/\/wp-dev.daten.cool\/?p=6453","title":{"rendered":"Kameras umfliegen Datenschutz"},"content":{"rendered":"<p>Nach dem Milit\u00e4r wollen auch Polizeien und Rettungsdienste den Einsatz fliegender Kameras in die Alltagsarbeit integrieren.<a href=\"#_ftn1\" name=\"_ftnref1\">[1]<\/a> Die Polizeien mehrerer L\u00e4nder (u.a. Sachsen, Niedersachsen, Hessen, Nordrhein-West\u00adfalen) testen die rund zwei Kilogramm schweren Mikrodrohnen. Die Bundespolizei betreibt ein Forschungsprogramm mit Systemen, die auch von der Bundeswehr eingesetzt werden. Quadrokopter haben gegen\u00fcber milit\u00e4rischen Drohnen eine geringere Nutzlast und k\u00f6nnen bis zu 30 Minuten in der Luft bleiben. <!--more-->Die technische Entwicklung verl\u00e4uft rasant, geforscht wird zur Optimierung autonomer Navigation per GPS, zu Operationen in Schw\u00e4rmen oder zum automatisierten Umfliegen von Hindernissen.<\/p>\n<p>Im Januar hat die Bundesregierung die Luftverkehrsordnung (LuftVO) ge\u00e4ndert und kam damit einer zentralen Forderung der \u201eProjektgruppe Drohnen\u201c der Innenministerkonferenz nach. Das Bundesverkehrsministerium will eine \u201eSicherheitsl\u00fccke schlie\u00dfen, solan\u00adge es noch keine anderweitigen Flugbeschr\u00e4nkungen f\u00fcr unbemanntes Luftfahrtger\u00e4t gibt\u201c. In einem \u201ezweiten Schritt\u201c soll eine \u201eumfassende Gesetzes- und Verordnungs\u00e4nderung folgen.<\/p>\n<p>Nach der ge\u00e4nderten LuftVO gilt der gesteuerte, nicht gewerbliche Einsatz von Quadrokoptern noch als Modellflug und ist mithin nicht ge\u00adnehmigungspflichtig. F\u00fcr Quadrokopter, die autonom und au\u00dfer Sichtweite der steuernden Personen fliegen, gilt dagegen weiter eine \u201eErlaubnispflicht\u201c, die das Ministerium mit einem \u201egrunds\u00e4tzlich h\u00f6heren Gef\u00e4hrdungspotential\u201c, etwa bei Fotos von Unfallorten oder Demonstratio\u00adnen, begr\u00fcndet. Folglich m\u00fcssen auch Polizeien die Nutzung solcher au\u00adtonom fliegenden Kameras (auch zu Testzwecken) genehmigen lassen.<\/p>\n<p>In Gro\u00dfbritannien hatte sich die Polizei von Merseyside (Liverpool) im Februar blamiert. Gro\u00dfspurig hatte ihr Sprecher die erste Festnahme gest\u00fctzt auf die Bilder einer fliegenden W\u00e4rmebildkamera bekannt gegeben. Kurz darauf setzte die zust\u00e4ndige Luftfahrtbeh\u00f6rde dem 2007 begonnenen Treiben ein vorl\u00e4ufiges Ende. Kleinlaut gaben die polizeilichen Luftfahrzeugfernf\u00fchrer zu, die auch in Gro\u00dfbritannien zum 1.\u00a0Januar ge\u00e4nderten Luftfahrtvorschriften \u201e\u00fcbersehen\u201c zu haben.<\/p>\n<p>(Matthias Monroy)<\/p>\n<h5><a href=\"#_ftnref1\" name=\"_ftn1\">[1]<\/a>\u00a0\u00a0\u00a0\u00a0\u00a0 http:\/\/euro-police.noblogs.org\/category\/drohnen<\/h5>\n","protected":false},"excerpt":{"rendered":"<p>Nach dem Milit\u00e4r wollen auch Polizeien und Rettungsdienste den Einsatz fliegender Kameras in die Alltagsarbeit<\/p>\n","protected":false},"author":3,"featured_media":0,"comment_status":"closed","ping_status":"open","sticky":false,"template":"","format":"standard","meta":{"footnotes":""},"categories":[101,145],"tags":[],"class_list":["post-6453","post","type-post","status-publish","format-standard","hentry","category-cilip-095","category-meldungen-europa"],"_links":{"self":[{"href":"https:\/\/wp-dev.daten.cool\/index.php?rest_route=\/wp\/v2\/posts\/6453","targetHints":{"allow":["GET"]}}],"collection":[{"href":"https:\/\/wp-dev.daten.cool\/index.php?rest_route=\/wp\/v2\/posts"}],"about":[{"href":"https:\/\/wp-dev.daten.cool\/index.php?rest_route=\/wp\/v2\/types\/post"}],"author":[{"embeddable":true,"href":"https:\/\/wp-dev.daten.cool\/index.php?rest_route=\/wp\/v2\/users\/3"}],"replies":[{"embeddable":true,"href":"https:\/\/wp-dev.daten.cool\/index.php?rest_route=%2Fwp%2Fv2%2Fcomments&post=6453"}],"version-history":[{"count":0,"href":"https:\/\/wp-dev.daten.cool\/index.php?rest_route=\/wp\/v2\/posts\/6453\/revisions"}],"wp:attachment":[{"href":"https:\/\/wp-dev.daten.cool\/index.php?rest_route=%2Fwp%2Fv2%2Fmedia&parent=6453"}],"wp:term":[{"taxonomy":"category","embeddable":true,"href":"https:\/\/wp-dev.daten.cool\/index.php?rest_route=%2Fwp%2Fv2%2Fcategories&post=6453"},{"taxonomy":"post_tag","embeddable":true,"href":"https:\/\/wp-dev.daten.cool\/index.php?rest_route=%2Fwp%2Fv2%2Ftags&post=6453"}],"curies":[{"name":"wp","href":"https:\/\/api.w.org\/{rel}","templated":true}]}}