{"id":6455,"date":"2010-02-05T22:52:46","date_gmt":"2010-02-05T22:52:46","guid":{"rendered":"https:\/\/www.cilip.de\/?p=6455"},"modified":"2010-02-05T22:52:46","modified_gmt":"2010-02-05T22:52:46","slug":"plausch-im-grenzhaeuschen","status":"publish","type":"post","link":"https:\/\/wp-dev.daten.cool\/?p=6455","title":{"rendered":"Plausch im Grenzh\u00e4uschen"},"content":{"rendered":"<p>Neun Monate nach den Protesten gegen den NATO-Gipfel in Stra\u00dfburg und Baden-Baden hat das Bundesinnenministerium (BMI) im Februar einen abschlie\u00dfenden Bericht vorgelegt.<a href=\"#_ftn1\" name=\"_ftnref1\">[1]<\/a> Demnach oblag etwa dem Bundesamt f\u00fcr Verfassungsschutz zusammen mit seinem franz\u00f6sischen Pendant die Leitung einer von der NATO eingerichteten \u201eInternational Intelligence Cell\u201c. Die konspirative Zelle aus 17 ausl\u00e4ndischen Diensten fertigte Lagebilder und Risikoanalysen an. Auf deutscher Seite hatte das Bundeskriminalamt (BKA) ferner eine internationale \u201eZentralstelle Gro\u00dfveranstaltung\u201c zum Austausch \u201epolizeilich relevanter Informatio\u00adnen\u201c eingerichtet. <!--more-->Eine zugeh\u00f6rige \u201eInformationssammelstelle\u201c doku\u00admentierte 424 europaweite Mobilisierungsveranstaltungen von Gipfel\u00adgegnerInnen. Dar\u00fcber hinaus gew\u00e4hrte das BKA franz\u00f6sischen Stellen Zugang zur Datei \u201eInternational agierende gewaltbereite St\u00f6rer\u201c (IgaSt). Beim grenz\u00fcberschreitenden Datentausch habe man sich auf den \u201eVertrag von Pr\u00fcm\u201c gest\u00fctzt.<\/p>\n<p>Die Bundespolizei (BPol) hatte gegen 121 Personen Ausreisesperren verh\u00e4ngt. In seinem Abschlussbericht behauptet das BMI zwar, die \u201eAnreise von friedlichen Demonstrationsteilnehmern\u201c sei \u201enicht einge\u00adschr\u00e4nkt\u201c worden. Die Gerichte sahen das anders: Sie hoben \u00fcber 50 Ausreiseverbote auf. Dennoch konnten die Aktivisten nicht zum Gipfel\u00adprotest weiterreisen, da die franz\u00f6sische Grenzpolizei nun ihrerseits ein Einreiseverbot aussprach. Die Bundesregierung pr\u00e4zisiert, dass dem ein deutsch-franz\u00f6sischer \u201em\u00fcndlicher personenbezogener Informationsaus\u00adtausch\u201c zugrunde lag. Weil die BPol den gem\u00fctlichen Plausch im Grenz\u00adh\u00e4uschen aber nicht dokumentiert hat, haben die Abgewiesenen keinerlei M\u00f6glichkeit eines nachtr\u00e4glichen Rechtsschutzes.<\/p>\n<p>(Matthias Monroy)<\/p>\n<h6><a href=\"#_ftnref1\" name=\"_ftn1\">[1]<\/a>\u00a0 <a href=\"http:\/\/dipbt.bundestag.de\/doc\/btd\/17\/036\/1703656.pdf\">http:\/\/dipbt.bundestag .de\/doc\/btd\/17\/036\/1703656.pdf <\/a><\/h6>\n","protected":false},"excerpt":{"rendered":"<p>Neun Monate nach den Protesten gegen den NATO-Gipfel in Stra\u00dfburg und Baden-Baden hat das Bundesinnenministerium<\/p>\n","protected":false},"author":3,"featured_media":0,"comment_status":"closed","ping_status":"open","sticky":false,"template":"","format":"standard","meta":{"footnotes":""},"categories":[101,145],"tags":[],"class_list":["post-6455","post","type-post","status-publish","format-standard","hentry","category-cilip-095","category-meldungen-europa"],"_links":{"self":[{"href":"https:\/\/wp-dev.daten.cool\/index.php?rest_route=\/wp\/v2\/posts\/6455","targetHints":{"allow":["GET"]}}],"collection":[{"href":"https:\/\/wp-dev.daten.cool\/index.php?rest_route=\/wp\/v2\/posts"}],"about":[{"href":"https:\/\/wp-dev.daten.cool\/index.php?rest_route=\/wp\/v2\/types\/post"}],"author":[{"embeddable":true,"href":"https:\/\/wp-dev.daten.cool\/index.php?rest_route=\/wp\/v2\/users\/3"}],"replies":[{"embeddable":true,"href":"https:\/\/wp-dev.daten.cool\/index.php?rest_route=%2Fwp%2Fv2%2Fcomments&post=6455"}],"version-history":[{"count":0,"href":"https:\/\/wp-dev.daten.cool\/index.php?rest_route=\/wp\/v2\/posts\/6455\/revisions"}],"wp:attachment":[{"href":"https:\/\/wp-dev.daten.cool\/index.php?rest_route=%2Fwp%2Fv2%2Fmedia&parent=6455"}],"wp:term":[{"taxonomy":"category","embeddable":true,"href":"https:\/\/wp-dev.daten.cool\/index.php?rest_route=%2Fwp%2Fv2%2Fcategories&post=6455"},{"taxonomy":"post_tag","embeddable":true,"href":"https:\/\/wp-dev.daten.cool\/index.php?rest_route=%2Fwp%2Fv2%2Ftags&post=6455"}],"curies":[{"name":"wp","href":"https:\/\/api.w.org\/{rel}","templated":true}]}}