{"id":6457,"date":"2010-02-05T22:53:35","date_gmt":"2010-02-05T22:53:35","guid":{"rendered":"https:\/\/www.cilip.de\/?p=6457"},"modified":"2010-02-05T22:53:35","modified_gmt":"2010-02-05T22:53:35","slug":"fall-el-sherbini-ueble-nachrede-gegen-meinungsfreiheit","status":"publish","type":"post","link":"https:\/\/wp-dev.daten.cool\/?p=6457","title":{"rendered":"Fall El-Sherbini: \u00dcble Nachrede gegen Meinungsfreiheit"},"content":{"rendered":"<p>Nachdem die Medienwissenschaftlerin Sabine Schiffer vom Erlanger Amtsgericht am 24.\u00a0M\u00e4rz 2010 vom Vorwurf der \u00fcblen Nachrede gegen einen Polizisten freigesprochen wurde,<a href=\"#_ftn1\" name=\"_ftnref1\">[1]<\/a> hat nun die Staatsanwaltschaft Rechtsmittel eingelegt. Schiffer hatte nach dem Mord in einem Dresdner Gerichtssaal an der \u00c4gypterin Marwa El-Sherbini in einem Radio\u00adin\u00adter\u00adview Vermutungen dar\u00fcber ge\u00e4u\u00dfert, warum der Bundespolizist G. bei der Messerattacke nicht auf den Angreifer, sondern auf El-Sherbinis Ehe\u00admann geschossen hatte. <!--more-->Der \u00c4gypter hatte seine Frau sch\u00fctzen wollen und war durch Messerstiche schwer verletzt worden, als er dem M\u00f6rder das Messer entrei\u00dfen wollte. Der Polizist schoss gezielt auf den \u00c4gypter und traf ihn am Bein. Schiffer hatte daraufhin gegen\u00fcber einem irani\u00adschen Radiosender gesagt, der Polizist habe \u201esicherlich aus rassistischen Gr\u00fcnden\u201c auf den Ehemann geschossen.<\/p>\n<p>Dies hatte ihr einen Strafbefehl \u00fcber 6.000 Euro oder alternativ zwei Monate Haft wegen \u00fcbler Nachrede eingebracht. \u00dcber ihren Widerspruch, in dem Schiffer sich auf die grundgesetzlich garantierte Presse- und Meinungsfreiheit berief, verhandelte nun das Amtsgericht Erlangen. Der Richter entschied, dass die \u00c4u\u00dferung durch das Grundrecht auf Meinungsfreiheit gedeckt sei. Das Wort \u201esicherlich\u201c sei hier abschw\u00e4chend \u2013 als Meinung oder Annahme nicht als Tatsachen\u00adbehauptung \u2013 zu werten. Zudem habe sie den Polizeibeamten gar nicht gekannt und ihn im Interview auch nicht namentlich genannt.<\/p>\n<p>Schiffer erhofft sich durch das Revisionsverfahren, dass die Gr\u00fcnde des polizeilichen Fehlschusses nun doch noch er\u00f6rtert werden, sofern die Staatsanw\u00e4ltin weiter darauf beharrt, dass es sich um eine falsche Tatsachenbehauptung gehandelt habe. Eine Vernehmung des Polizeibeamten hatte das Amtsgericht abgelehnt.<\/p>\n<p>(Martina Kant)<\/p>\n<h5><a href=\"#_ftnref1\" name=\"_ftn1\">[1]<\/a>\u00a0\u00a0\u00a0\u00a0\u00a0 Az.: 1 Ds 404 Js 45405\/09, siehe www.medienverantwortung.de\/das-institut\/der-prozess<\/h5>\n","protected":false},"excerpt":{"rendered":"<p>Nachdem die Medienwissenschaftlerin Sabine Schiffer vom Erlanger Amtsgericht am 24.\u00a0M\u00e4rz 2010 vom Vorwurf der \u00fcblen<\/p>\n","protected":false},"author":2,"featured_media":0,"comment_status":"closed","ping_status":"open","sticky":false,"template":"","format":"standard","meta":{"footnotes":""},"categories":[101,145],"tags":[],"class_list":["post-6457","post","type-post","status-publish","format-standard","hentry","category-cilip-095","category-meldungen-europa"],"_links":{"self":[{"href":"https:\/\/wp-dev.daten.cool\/index.php?rest_route=\/wp\/v2\/posts\/6457","targetHints":{"allow":["GET"]}}],"collection":[{"href":"https:\/\/wp-dev.daten.cool\/index.php?rest_route=\/wp\/v2\/posts"}],"about":[{"href":"https:\/\/wp-dev.daten.cool\/index.php?rest_route=\/wp\/v2\/types\/post"}],"author":[{"embeddable":true,"href":"https:\/\/wp-dev.daten.cool\/index.php?rest_route=\/wp\/v2\/users\/2"}],"replies":[{"embeddable":true,"href":"https:\/\/wp-dev.daten.cool\/index.php?rest_route=%2Fwp%2Fv2%2Fcomments&post=6457"}],"version-history":[{"count":0,"href":"https:\/\/wp-dev.daten.cool\/index.php?rest_route=\/wp\/v2\/posts\/6457\/revisions"}],"wp:attachment":[{"href":"https:\/\/wp-dev.daten.cool\/index.php?rest_route=%2Fwp%2Fv2%2Fmedia&parent=6457"}],"wp:term":[{"taxonomy":"category","embeddable":true,"href":"https:\/\/wp-dev.daten.cool\/index.php?rest_route=%2Fwp%2Fv2%2Fcategories&post=6457"},{"taxonomy":"post_tag","embeddable":true,"href":"https:\/\/wp-dev.daten.cool\/index.php?rest_route=%2Fwp%2Fv2%2Ftags&post=6457"}],"curies":[{"name":"wp","href":"https:\/\/api.w.org\/{rel}","templated":true}]}}