{"id":6462,"date":"2009-12-05T22:56:13","date_gmt":"2009-12-05T22:56:13","guid":{"rendered":"https:\/\/www.cilip.de\/?p=6462"},"modified":"2009-12-05T22:56:13","modified_gmt":"2009-12-05T22:56:13","slug":"schmerzensgeld-fuer-inhaftierte-demo-beobachterinnen","status":"publish","type":"post","link":"https:\/\/wp-dev.daten.cool\/?p=6462","title":{"rendered":"Schmerzensgeld f\u00fcr inhaftierte Demo-BeobachterInnen"},"content":{"rendered":"<p>Das Bundesverfassungsgericht (BVerfG) hat am 11.\u00a0November 2009 zwei DemonstrationsbeobachterInnen ein Recht auf Schmerzensgeld zugesprochen.<a href=\"#_ftn1\" name=\"_ftnref1\">[1]<\/a> Helga Dieter und Ulrich Billerbeck waren anl\u00e4sslich der Castor-Transporte im Herbst 2001 f\u00fcr das Komitee f\u00fcr Grundrechte und Demokratie im Wendland unterwegs. Au\u00dferhalb der Demonstrationsverbotszone waren sie aus ihrem Auto heraus in \u201eUnterbindungsgewahrsam\u201c genommen und mehrere Stunden unter unzumutbaren Bedingungen festgehalten worden. <!--more-->Im M\u00e4rz 2007 stellte das Amtsgericht Uelzen die Rechtswidrigkeit der Freiheitsentziehung fest. Sowohl das Landgericht L\u00fcneburg als auch das Oberlandesgericht Celle wiesen jedoch in der Folge die Amtshaftungsklage der Komitee-AktivistInnen ab. Die \u201ema\u00dfgebliche Ausgleichs- und Genugtuungsfunktion\u201c sei \u201ebereits durch die Feststellung der Rechtswidrigkeit der polizeilichen Ma\u00dfnahme\u201c erf\u00fcllt.<\/p>\n<p>Das BVerfG belehrt die nieders\u00e4chsischen Gerichte nun eines Besseren: Der \u201eSchutzauftrag des allgemeinen Pers\u00f6nlichkeitsrechtes\u201c gebiete einen \u201eAnspruch auf Ausgleich des immateriellen Schadens\u201c, umso mehr in F\u00e4llen des illegalen Freiheitsentzugs. Auch die Bedingungen des Gewahrsams seien allzu oberfl\u00e4chlich als bei Gro\u00dfeins\u00e4tzen unvermeidbar gerechtfertigt worden.<\/p>\n<p>\u201eZu beanstanden ist weiter, dass das Oberlandesgericht in der mindestens zehnst\u00fcndigen Festsetzung der Beschwerdef\u00fchrer keine nachhaltige Beeintr\u00e4chtigung gesehen hat, ohne die abschreckende Wirkung zu erw\u00e4gen, die einer derartigen Behandlung f\u00fcr den k\u00fcnftigen Gebrauch grundrechtlich garantierter Freiheiten \u2013 namentlich die durch Art.\u00a08 Abs.\u00a01 GG gesch\u00fctzte Teilnahme an Demonstrationen oder deren von Art.\u00a02 Abs.\u00a01 GG (dem allgemeinen Pers\u00f6nlichkeitsrecht, E.S.) umfasste Beobachtung \u2013 zukommen konnte und die der Rechtsbeeintr\u00e4chtigung ein besonderes Gewicht verleihen kann.\u201c \u00dcber die H\u00f6he des Schadensersatzes muss nun erneut das Landgericht L\u00fcneburg entscheiden. Die beiden Demo-BeobachterInnen hatten nur 500 bzw. 2.000 Euro verlangt.<\/p>\n<p>(Elke Steven)<\/p>\n<h6><a href=\"#_ftnref1\" name=\"_ftn1\">[1]<\/a>\u00a0\u00a0\u00a0\u00a0\u00a0 Bundesverfassungsgericht: Urteil v. 11.11.2009, Az.: 1 BvR 2853\/08<\/h6>\n","protected":false},"excerpt":{"rendered":"<p>Das Bundesverfassungsgericht (BVerfG) hat am 11.\u00a0November 2009 zwei DemonstrationsbeobachterInnen ein Recht auf Schmerzensgeld zugesprochen.[1] Helga<\/p>\n","protected":false},"author":2,"featured_media":0,"comment_status":"closed","ping_status":"open","sticky":false,"template":"","format":"standard","meta":{"footnotes":""},"categories":[100,146],"tags":[],"class_list":["post-6462","post","type-post","status-publish","format-standard","hentry","category-cilip-094","category-meldungen-inland"],"_links":{"self":[{"href":"https:\/\/wp-dev.daten.cool\/index.php?rest_route=\/wp\/v2\/posts\/6462","targetHints":{"allow":["GET"]}}],"collection":[{"href":"https:\/\/wp-dev.daten.cool\/index.php?rest_route=\/wp\/v2\/posts"}],"about":[{"href":"https:\/\/wp-dev.daten.cool\/index.php?rest_route=\/wp\/v2\/types\/post"}],"author":[{"embeddable":true,"href":"https:\/\/wp-dev.daten.cool\/index.php?rest_route=\/wp\/v2\/users\/2"}],"replies":[{"embeddable":true,"href":"https:\/\/wp-dev.daten.cool\/index.php?rest_route=%2Fwp%2Fv2%2Fcomments&post=6462"}],"version-history":[{"count":0,"href":"https:\/\/wp-dev.daten.cool\/index.php?rest_route=\/wp\/v2\/posts\/6462\/revisions"}],"wp:attachment":[{"href":"https:\/\/wp-dev.daten.cool\/index.php?rest_route=%2Fwp%2Fv2%2Fmedia&parent=6462"}],"wp:term":[{"taxonomy":"category","embeddable":true,"href":"https:\/\/wp-dev.daten.cool\/index.php?rest_route=%2Fwp%2Fv2%2Fcategories&post=6462"},{"taxonomy":"post_tag","embeddable":true,"href":"https:\/\/wp-dev.daten.cool\/index.php?rest_route=%2Fwp%2Fv2%2Ftags&post=6462"}],"curies":[{"name":"wp","href":"https:\/\/api.w.org\/{rel}","templated":true}]}}