{"id":6498,"date":"2008-12-05T23:16:05","date_gmt":"2008-12-05T23:16:05","guid":{"rendered":"https:\/\/www.cilip.de\/?p=6498"},"modified":"2008-12-05T23:16:05","modified_gmt":"2008-12-05T23:16:05","slug":"umfang-von-sicherheitsueberpruefungen","status":"publish","type":"post","link":"https:\/\/wp-dev.daten.cool\/?p=6498","title":{"rendered":"Umfang von Sicherheits\u00fcberpr\u00fcfungen"},"content":{"rendered":"<p>Durch das \u201eTerrorismusbek\u00e4mpfungsgesetz\u201c vom Januar 2002 waren die Sicherheits\u00fcberpr\u00fcfungen ausgeweitet worden: Ging es vorher um die \u00dcberpr\u00fcfung der Zuverl\u00e4ssigkeit von Personen, die Zugang zu vertraulichen\/geheimen \u00f6ffentlichen Dokumenten hatten, so werden seither im Rahmen des \u201evorbeugenden personellen Sabotageschutzes\u201c auch die ArbeitnehmerInnen in verteidigungs- oder lebenswichtigen Einrichtungen \u00fcberpr\u00fcft. <!--more-->In der untersten Stufe der \u00dcberpr\u00fcfung fragt die \u201emitwirkende Beh\u00f6rde\u201c \u2013 das Bundesamt f\u00fcr Verfassungsschutz (BfV) im zivilen Bereich, der Milit\u00e4rische Abschirmdienst (MAD) im milit\u00e4rischen \u2013 das Bundeszentralregister und das nachrichtendienstliche Informationssystem NADIS ab und tr\u00e4gt bei den Polizeien und Geheimdiensten des Bundes vorliegende Informationen \u00fcber die Person zusammen. In der Antwort auf eine Kleine Anfrage der Linksfraktion gab die Bundesregierung nun erstmals Auskunft \u00fcber den Umfang der \u00dcberpr\u00fcfungen.<a href=\"#_ftn1\" name=\"_ftnref1\">[1]<\/a><\/p>\n<p>Seit Erlass der \u201eSicherheits\u00fcberpr\u00fcfungsfeststellungsverordnung\u201c Mitte 2003 kam es demnach zu folgenden \u00dcberpr\u00fcfungen:<\/p>\n<table>\n<tbody>\n<tr>\n<td width=\"137\"><strong>\u00a0<\/strong><\/td>\n<td width=\"55\"><strong>2003<\/strong><\/td>\n<td width=\"55\"><strong>2004<\/strong><\/td>\n<td width=\"55\"><strong>2005<\/strong><\/td>\n<td width=\"55\"><strong>2006<\/strong><\/td>\n<td width=\"55\"><strong>2007<\/strong><\/td>\n<\/tr>\n<tr>\n<td width=\"137\">Milit\u00e4rischer Bereich<\/td>\n<td width=\"55\">174<\/td>\n<td width=\"55\">13.117<\/td>\n<td width=\"55\">9.375<\/td>\n<td width=\"55\">8.928<\/td>\n<td width=\"55\">9.674<\/td>\n<\/tr>\n<tr>\n<td width=\"137\">\u00d6ffentlicher Bereich<\/td>\n<td width=\"55\">56<\/td>\n<td width=\"55\">1.807<\/td>\n<td width=\"55\">475<\/td>\n<td width=\"55\">803<\/td>\n<td width=\"55\">464<\/td>\n<\/tr>\n<tr>\n<td width=\"137\">Nicht\u00f6ffentlicher Bereich<\/td>\n<td width=\"55\">0<\/td>\n<td width=\"55\">451<\/td>\n<td width=\"55\">4.134<\/td>\n<td width=\"55\">8.822<\/td>\n<td width=\"55\">4.688<\/td>\n<\/tr>\n<tr>\n<td width=\"137\">Gesamt<\/td>\n<td width=\"55\">231<\/td>\n<td width=\"55\">15.375<\/td>\n<td width=\"55\">13.984<\/td>\n<td width=\"55\">18.553<\/td>\n<td width=\"55\">14.826<\/td>\n<\/tr>\n<\/tbody>\n<\/table>\n<p>\u00dcber die Verteilung auf einzelne Bereiche im milit\u00e4rischen und \u00f6ffentlichen Sektor verweigert die Bundesregierung mit Verweis auf die \u201eSicher\u00adheitsinteressen\u201c der Bundesrepublik eine Aufschl\u00fcsselung. Die \u00dcber\u00adpr\u00fcfungen im nicht\u00f6ffentlichen Bereich bezogen sich zu 98 Prozent auf Betriebsteile von Unternehmen, die in die Zust\u00e4ndigkeit des Wirtschafts\u00administeriums fallen: u.a.\u00a0Telekommunikationsunternehmen, Elektrizi\u00adt\u00e4tsversorger, Atomkraftwerke, Munitionsfabriken.<\/p>\n<p>Nur in drei der knapp 15.000 F\u00e4lle hielt man eine erweiterte Sicherheits\u00ad\u00fcberpr\u00fcfung f\u00fcr n\u00f6tig. Dabei holt das BfV (bzw. der MAD) Aus\u00adk\u00fcnfte bei der Polizei am Wohnort der betroffenen Person ein und \u00fcberpr\u00fcft ihre Identit\u00e4t. Insgesamt ergaben sich folgende \u201esicherheitserhebliche Erkenntnisse\u201c (I) bzw. \u201eSicherheitsrisiken (II):<\/p>\n<table>\n<tbody>\n<tr>\n<td width=\"80\"><strong>Bereich<\/strong><\/td>\n<td colspan=\"2\" width=\"67\"><strong>2003<\/strong><\/td>\n<td colspan=\"2\" width=\"67\"><strong>2004<\/strong><\/td>\n<td colspan=\"2\" width=\"67\"><strong>2005<\/strong><\/td>\n<td colspan=\"2\" width=\"67\"><strong>2006<\/strong><\/td>\n<td colspan=\"2\" width=\"67\"><strong>2007<\/strong><\/td>\n<\/tr>\n<tr>\n<td width=\"80\"><\/td>\n<td width=\"33\">I<\/td>\n<td width=\"33\">II<\/td>\n<td width=\"33\">I<\/td>\n<td width=\"33\">II<\/td>\n<td width=\"33\">I<\/td>\n<td width=\"33\">II<\/td>\n<td width=\"33\">I<\/td>\n<td width=\"33\">II<\/td>\n<td width=\"33\">I<\/td>\n<td width=\"33\">II<\/td>\n<\/tr>\n<tr>\n<td width=\"80\">Milit\u00e4rischer<\/td>\n<td width=\"33\">\u2013<\/td>\n<td width=\"33\">2<\/td>\n<td width=\"33\">\u2013<\/td>\n<td width=\"33\">40<\/td>\n<td width=\"33\">1.121<\/td>\n<td width=\"33\">53<\/td>\n<td width=\"33\">1.151<\/td>\n<td width=\"33\">64<\/td>\n<td width=\"33\">1.190<\/td>\n<td width=\"33\">54<\/td>\n<\/tr>\n<tr>\n<td width=\"80\">\u00d6ffentlicher<\/td>\n<td width=\"33\">0<\/td>\n<td rowspan=\"2\" width=\"33\">0<\/td>\n<td width=\"33\">31<\/td>\n<td rowspan=\"2\" width=\"33\">6<\/td>\n<td width=\"33\">75<\/td>\n<td rowspan=\"2\" width=\"33\">27<\/td>\n<td width=\"33\">48<\/td>\n<td rowspan=\"2\" width=\"33\">87<\/td>\n<td width=\"33\">169<\/td>\n<td rowspan=\"2\" width=\"33\">80<\/td>\n<\/tr>\n<tr>\n<td width=\"80\">Nicht\u00f6ffentlicher<\/td>\n<td width=\"33\">0<\/td>\n<td width=\"33\">12<\/td>\n<td width=\"33\">245<\/td>\n<td width=\"33\">667<\/td>\n<td width=\"33\">1.297<\/td>\n<\/tr>\n<tr>\n<td width=\"80\">Gesamt<\/td>\n<td width=\"33\">0<\/td>\n<td width=\"33\">2<\/td>\n<td width=\"33\">43<\/td>\n<td width=\"33\">46<\/td>\n<td width=\"33\">1.441<\/td>\n<td width=\"33\">80<\/td>\n<td width=\"33\">1.866<\/td>\n<td width=\"33\">151<\/td>\n<td width=\"33\">2.656<\/td>\n<td width=\"33\">134<\/td>\n<\/tr>\n<\/tbody>\n<\/table>\n<p>F\u00fcr den milit\u00e4rischen Bereich wird aufgeschl\u00fcsselt, worin die Sicherheitsrisiken begr\u00fcndet waren: Nur bei zwei der 213 in den f\u00fcnf Jahren entdeckten Risikopersonen wurden Zweifel am jederzeitigen Eintreten f\u00fcr die freiheitlich demokratische Grundordnung festgestellt.<\/p>\n<p>Zu den Folgen betont die Bundesregierung, die Feststellung eines Sicherheitsrisikos gebe \u201egrunds\u00e4tzlich keinen Anlass f\u00fcr die Beendigung des Besch\u00e4ftigungsverh\u00e4ltnisses\u201c, nur der Einsatz \u201ein einer sicherheitsempfindlichen T\u00e4tigkeit\u201c sei ausgeschlossen. Eine weitere Folge ist der Antwort auch zu entnehmen: Alle \u00dcberpr\u00fcften au\u00dferhalb des milit\u00e4rischen Bereichs (21.700 Personen) werden in NADIS gespeichert.<\/p>\n<p>(Norbert P\u00fctter)<\/p>\n<h5><a href=\"#_ftnref1\" name=\"_ftn1\">[1]<\/a>\u00a0\u00a0\u00a0\u00a0\u00a0 BT-Drs. 16\/10185 v. 2.9.2008<\/h5>\n","protected":false},"excerpt":{"rendered":"<p>Durch das \u201eTerrorismusbek\u00e4mpfungsgesetz\u201c vom Januar 2002 waren die Sicherheits\u00fcberpr\u00fcfungen ausgeweitet worden: Ging es vorher um<\/p>\n","protected":false},"author":10,"featured_media":0,"comment_status":"closed","ping_status":"open","sticky":false,"template":"","format":"standard","meta":{"footnotes":""},"categories":[97,146],"tags":[],"class_list":["post-6498","post","type-post","status-publish","format-standard","hentry","category-cilip-091","category-meldungen-inland"],"_links":{"self":[{"href":"https:\/\/wp-dev.daten.cool\/index.php?rest_route=\/wp\/v2\/posts\/6498","targetHints":{"allow":["GET"]}}],"collection":[{"href":"https:\/\/wp-dev.daten.cool\/index.php?rest_route=\/wp\/v2\/posts"}],"about":[{"href":"https:\/\/wp-dev.daten.cool\/index.php?rest_route=\/wp\/v2\/types\/post"}],"author":[{"embeddable":true,"href":"https:\/\/wp-dev.daten.cool\/index.php?rest_route=\/wp\/v2\/users\/10"}],"replies":[{"embeddable":true,"href":"https:\/\/wp-dev.daten.cool\/index.php?rest_route=%2Fwp%2Fv2%2Fcomments&post=6498"}],"version-history":[{"count":0,"href":"https:\/\/wp-dev.daten.cool\/index.php?rest_route=\/wp\/v2\/posts\/6498\/revisions"}],"wp:attachment":[{"href":"https:\/\/wp-dev.daten.cool\/index.php?rest_route=%2Fwp%2Fv2%2Fmedia&parent=6498"}],"wp:term":[{"taxonomy":"category","embeddable":true,"href":"https:\/\/wp-dev.daten.cool\/index.php?rest_route=%2Fwp%2Fv2%2Fcategories&post=6498"},{"taxonomy":"post_tag","embeddable":true,"href":"https:\/\/wp-dev.daten.cool\/index.php?rest_route=%2Fwp%2Fv2%2Ftags&post=6498"}],"curies":[{"name":"wp","href":"https:\/\/api.w.org\/{rel}","templated":true}]}}