{"id":6518,"date":"2008-07-05T23:24:48","date_gmt":"2008-07-05T23:24:48","guid":{"rendered":"https:\/\/www.cilip.de\/?p=6518"},"modified":"2008-07-05T23:24:48","modified_gmt":"2008-07-05T23:24:48","slug":"lageabhaengiger-erstickungstod","status":"publish","type":"post","link":"https:\/\/wp-dev.daten.cool\/?p=6518","title":{"rendered":"Lageabh\u00e4ngiger Erstickungstod"},"content":{"rendered":"<p>Innerhalb eines Jahres kamen in Hagen zwei Menschen nach \u201eRuhigstellung\u201c und Fixierung durch Polizeibeamte zu Tode.<a href=\"#_ftn1\" name=\"_ftnref1\">[1]<\/a> Bereits am 14.\u00a0Mai 2007 starb ein Franzose, nachdem bei seiner Einlieferung in ein Krankenhaus wegen Verdachts auf eine Psychose, ein Polizist das Kinn des Mannes \u201ekurz, circa zwei bis drei Minuten lang\u201c heruntergedr\u00fcckt hatte. Der zweite Todesfall ereignete sich am 17.\u00a0Februar 2008: Das Opfer war ein t\u00fcrkischst\u00e4mmiger Mann, der wegen Verwirrungszust\u00e4nden in die Polizeiwache in Hagen gebracht und dort b\u00e4uchlings fixiert wurde.<!--more--><\/p>\n<p>Fixierung auf dem Bauch, das ist Gerichtsmedizinern bekannt, kann zu einem Erstickungstod f\u00fchren. Dieser Zusammenhang ist allerdings durch Obduktion nicht nachzuweisen, sondern nur durch Untersuchung der konkreten Umst\u00e4nde und Abl\u00e4ufe, die zum Tod gef\u00fchrt haben. Zeitungsberichten zufolge wurden aber im Falle des T\u00fcrken weder beteiligte \u00c4rzte als Zeugen vernommen noch Videoaufnahmen der Wache ausgewertet. Die Staatsanwaltschaft stellte die Ermittlungen gegen die Polizisten \u201emangels Tatverdacht\u201c ein. Den Tod des Franzosen \u2013 \u201eunklare Todesursache\u201c hielt sie ein ganzes Jahr lang geheim. Der Mann war alleinstehend, weswegen weder Anw\u00e4ltInnen noch Angeh\u00f6rige an den Untersuchungen beteiligt waren.<\/p>\n<p>Ein solches Vorgehen mag, solange es unentdeckt bleibt, Kritik von der Polizei fernhalten. Es verhindert aber, dass die Polizei das Ph\u00e4nomen des \u201elageabh\u00e4ngigen Erstickungs-\u201c bzw. \u201epl\u00f6tzlichen Gewahrsamstodes\u201c endlich zur Kenntnis nimmt. Solange das nicht passiert, sind die n\u00e4chsten F\u00e4lle dieser Art vorprogrammiert.<\/p>\n<p>(Albrecht Maurer)<\/p>\n<h5><a href=\"#_ftnref1\" name=\"_ftn1\">[1]<\/a>\u00a0\u00a0\u00a0\u00a0\u00a0 siehe u.a. Frankfurter Rundschau v. 24.6. u. 10.7.2008<\/h5>\n","protected":false},"excerpt":{"rendered":"<p>Innerhalb eines Jahres kamen in Hagen zwei Menschen nach \u201eRuhigstellung\u201c und Fixierung durch Polizeibeamte zu<\/p>\n","protected":false},"author":11,"featured_media":0,"comment_status":"closed","ping_status":"open","sticky":false,"template":"","format":"standard","meta":{"footnotes":""},"categories":[96,146],"tags":[],"class_list":["post-6518","post","type-post","status-publish","format-standard","hentry","category-cilip-090","category-meldungen-inland"],"_links":{"self":[{"href":"https:\/\/wp-dev.daten.cool\/index.php?rest_route=\/wp\/v2\/posts\/6518","targetHints":{"allow":["GET"]}}],"collection":[{"href":"https:\/\/wp-dev.daten.cool\/index.php?rest_route=\/wp\/v2\/posts"}],"about":[{"href":"https:\/\/wp-dev.daten.cool\/index.php?rest_route=\/wp\/v2\/types\/post"}],"author":[{"embeddable":true,"href":"https:\/\/wp-dev.daten.cool\/index.php?rest_route=\/wp\/v2\/users\/11"}],"replies":[{"embeddable":true,"href":"https:\/\/wp-dev.daten.cool\/index.php?rest_route=%2Fwp%2Fv2%2Fcomments&post=6518"}],"version-history":[{"count":0,"href":"https:\/\/wp-dev.daten.cool\/index.php?rest_route=\/wp\/v2\/posts\/6518\/revisions"}],"wp:attachment":[{"href":"https:\/\/wp-dev.daten.cool\/index.php?rest_route=%2Fwp%2Fv2%2Fmedia&parent=6518"}],"wp:term":[{"taxonomy":"category","embeddable":true,"href":"https:\/\/wp-dev.daten.cool\/index.php?rest_route=%2Fwp%2Fv2%2Fcategories&post=6518"},{"taxonomy":"post_tag","embeddable":true,"href":"https:\/\/wp-dev.daten.cool\/index.php?rest_route=%2Fwp%2Fv2%2Ftags&post=6518"}],"curies":[{"name":"wp","href":"https:\/\/api.w.org\/{rel}","templated":true}]}}