{"id":656,"date":"2013-03-05T10:45:33","date_gmt":"2013-03-05T10:45:33","guid":{"rendered":"http:\/\/www.cilip.de\/?p=656"},"modified":"2013-03-05T10:45:33","modified_gmt":"2013-03-05T10:45:33","slug":"redaktionsmitteilung-5","status":"publish","type":"post","link":"https:\/\/wp-dev.daten.cool\/?p=656","title":{"rendered":"Redaktionsmitteilung"},"content":{"rendered":"<p>F\u00fcrstlich entlohnte Spitzel, von denen man nicht wei\u00df, wem sie denn eigentlich dienten: dem Verfassungsschutz, der rechten Truppe, \u00fcber die sie informieren sollten, oder einfach nur dem eigenen Portemonnaie \u2013 mit seinen V-Leuten im rechten Sumpf und seinem Gebaren rund um den NSU hat sich der Inlandsgeheimdienst diskreditiert. Es sind l\u00e4ngst nicht mehr nur die \u00fcblichen linken und b\u00fcrgerrechtsbewegten Verd\u00e4chtigen, die nun seine Abschaffung fordern. Gut so. Allerdings h\u00e4lt ein Teil der KritikerInnen bereits wieder nach einem Ersatz f\u00fcr den Verfassungsschutz Ausschau und meint, den ausgerechnet in Gestalt des polizeilichen Staatsschutzes gefunden zu haben. <!--more--><\/p>\n<p>Um eine solche Alternative zu formulieren, bedarf es eines kurzen Ged\u00e4chtnisses. Vergessen muss man daf\u00fcr \u2013 beispielsweise \u2013 den Spitzel des Berliner Landeskriminalamts im Umfeld des NSU, das 129a-Verfahren, mit denen die politische Polizei den Widerstand gegen den G8-Gipfel in Heiligendamm ausgeleuchtet hat, die umfangreichen staatssch\u00fctzerischen Datensammlungen, die letzte \u00c4nderung des BKA-Gesetzes, die den Staatssch\u00fctzerInnen des Amtes die Befugnis zur &#8222;Online-Durchsuchung&#8220; bescherte, ihre Beteiligung \u2013 Hand in Hand mit den Geheimdiensten \u2013 an den diversen Gemeinsamen Zentren gegen Extremismus und Terrorismus \u2026 Die politische Polizei als Ausweg aus dem offensichtlichen Elend mit den geheimen Diensten? Sicher nicht.<\/p>\n<p>***<\/p>\n<p>Wenn die Hautfarbe oder das &#8222;ausl\u00e4ndische Aussehen&#8220; zum Kriterium f\u00fcr polizeiliche Kontrollen werden, nennt man das &#8222;racial&#8220; oder &#8222;ethnic profiling&#8220;. Die gerichtliche Auseinandersetzung zwischen einem dunkelh\u00e4utigen Studenten und der Bundespolizei hat das Thema auch hierzulande auf die Tagesordnung gebracht. Mehr dazu in B\u00fcrgerrechte &amp; Polizei\/CILIP 104.<\/p>\n<p>(Heiner Busch)<\/p>\n","protected":false},"excerpt":{"rendered":"<p>F\u00fcrstlich entlohnte Spitzel, von denen man nicht wei\u00df, wem sie denn eigentlich dienten: dem Verfassungsschutz,<\/p>\n","protected":false},"author":9,"featured_media":0,"comment_status":"closed","ping_status":"open","sticky":false,"template":"","format":"standard","meta":{"footnotes":""},"categories":[108,141],"tags":[],"class_list":["post-656","post","type-post","status-publish","format-standard","hentry","category-cilip-103","category-editorials"],"_links":{"self":[{"href":"https:\/\/wp-dev.daten.cool\/index.php?rest_route=\/wp\/v2\/posts\/656","targetHints":{"allow":["GET"]}}],"collection":[{"href":"https:\/\/wp-dev.daten.cool\/index.php?rest_route=\/wp\/v2\/posts"}],"about":[{"href":"https:\/\/wp-dev.daten.cool\/index.php?rest_route=\/wp\/v2\/types\/post"}],"author":[{"embeddable":true,"href":"https:\/\/wp-dev.daten.cool\/index.php?rest_route=\/wp\/v2\/users\/9"}],"replies":[{"embeddable":true,"href":"https:\/\/wp-dev.daten.cool\/index.php?rest_route=%2Fwp%2Fv2%2Fcomments&post=656"}],"version-history":[{"count":0,"href":"https:\/\/wp-dev.daten.cool\/index.php?rest_route=\/wp\/v2\/posts\/656\/revisions"}],"wp:attachment":[{"href":"https:\/\/wp-dev.daten.cool\/index.php?rest_route=%2Fwp%2Fv2%2Fmedia&parent=656"}],"wp:term":[{"taxonomy":"category","embeddable":true,"href":"https:\/\/wp-dev.daten.cool\/index.php?rest_route=%2Fwp%2Fv2%2Fcategories&post=656"},{"taxonomy":"post_tag","embeddable":true,"href":"https:\/\/wp-dev.daten.cool\/index.php?rest_route=%2Fwp%2Fv2%2Ftags&post=656"}],"curies":[{"name":"wp","href":"https:\/\/api.w.org\/{rel}","templated":true}]}}