{"id":6749,"date":"2008-02-06T22:21:50","date_gmt":"2008-02-06T22:21:50","guid":{"rendered":"https:\/\/www.cilip.de\/?p=6749"},"modified":"2008-02-06T22:21:50","modified_gmt":"2008-02-06T22:21:50","slug":"bayerisches-versammlungsrecht","status":"publish","type":"post","link":"https:\/\/wp-dev.daten.cool\/?p=6749","title":{"rendered":"Bayerisches Versammlungsrecht"},"content":{"rendered":"<p>Der scheidende Verfassungsrichter Wolfgang Hoffmann-Riem ist \u201eein bisschen stolz\u201c, dass das Bundesverfassungsgericht (BVerfG) das Grundrecht der Demonstrationsfreiheit gerettet habe. Denn wenn dieses \u201ewegen der Neonazis zerfleddert worden w\u00e4re, dann w\u00e4re es f\u00fcr alle zerfleddert worden\u201c.<a href=\"#_ftn1\" name=\"_ftnref1\">[1]<\/a> Genau das scheint derzeit zu passieren. Die F\u00f6deralismusreform hat die Gesetzgebungskompetenz f\u00fcr das Demonstrationsrecht in die H\u00e4nde der L\u00e4nder gelegt. Sachsen arbeitet an einem Versammlungsgesetz, das den \u201eSchutz der Opfer der nationalsozialistischen Gewaltherrschaft\u201c regelt. Bayern geht einen Schritt weiter. In einer Rolle r\u00fcckw\u00e4rts soll der Brokdorf-Beschluss des BVerfG von 1985 \u00fcberwunden und ungeb\u00fchrliches Demonstrieren verboten werden.<a href=\"#_ftn2\" name=\"_ftnref2\">[2]<\/a><!--more--><\/p>\n<p>Um der \u201eW\u00fcrde der Opfer\u201c der \u201enationalsozialistischen Gewalt- und Willk\u00fcrherrschaft\u201c willen k\u00f6nnen Versammlungen an bestimmten Tagen und Orten beschr\u00e4nkt oder verboten werden (Art.\u00a015). Die M\u00f6glichkeiten der Einschr\u00e4nkung werden ausgedehnt auf potentielle Meinungs\u00e4u\u00dferungen, die die W\u00fcrde der Opfer beeintr\u00e4chtigen (Art.\u00a015 Abs.\u00a02). Aber auch gegen \u201eLinksextremistische Versammlungen\u201c, deren Teilneh\u00admer das Grundrecht \u201emissbrauchen\u201c, so die einleitende Problembeschreibung, soll die Polizei leichter vorgehen k\u00f6nnen. In Art.\u00a07 wird das \u201eUniformierungsverbot\u201c um ein allgemeines \u201eMilitanzverbot\u201c erweitert und richtet sich gegen die Ausdrucksformen von \u201eAutonomen\u201c und \u201eschwarzem Block\u201c. Ein Versto\u00df gegen das Verbot der Militanz kann nun als unmittelbare Gefahr f\u00fcr die \u00f6ffentliche Sicherheit geahndet werden.<\/p>\n<p>Die \u00f6ffentliche Ordnung wird als Schutzgut eingef\u00fchrt, wie auch die \u201eRechte Dritter\u201c nicht \u201eunzumutbar beeintr\u00e4chtigt\u201c werden d\u00fcrfen (Art.\u00a015 Abs.\u00a01). Auf die Gleichrangigkeit der Rechte kommt es nicht an. Dem zwingend polizeilich anzumeldenden Leiter wird die Verantwortlichkeit f\u00fcr das gesamte Geschehen aufgeb\u00fcrdet; ihm drohen Strafen. Die Polizei darf Bild- und Tonaufzeichnungen anfertigen (Art.\u00a09). Ausufernd werden in Art.\u00a020 und 21 Straf- und Bu\u00dfgeldvorschriften f\u00fcr jeden m\u00f6glichen Versto\u00df gegen eine der unbestimmt definierten Vorschriften erlassen.<\/p>\n<p>(Elke Steven)<\/p>\n<h5><a href=\"#_ftnref1\" name=\"_ftn1\">[1]<\/a>\u00a0\u00a0\u00a0\u00a0\u00a0 Frankfurter Rundschau v. 22.3.2008<\/h5>\n<h5><a href=\"#_ftnref2\" name=\"_ftn2\">[2]<\/a>\u00a0\u00a0\u00a0\u00a0 Sachsen: LT-Drs. 4\/11380 v. 27.2.2008; Bayern: LT-Drs. 15\/10181 v. 11.3.2008<\/h5>\n","protected":false},"excerpt":{"rendered":"<p>Der scheidende Verfassungsrichter Wolfgang Hoffmann-Riem ist \u201eein bisschen stolz\u201c, dass das Bundesverfassungsgericht (BVerfG) das Grundrecht<\/p>\n","protected":false},"author":2,"featured_media":0,"comment_status":"closed","ping_status":"open","sticky":false,"template":"","format":"standard","meta":{"footnotes":""},"categories":[95,146],"tags":[],"class_list":["post-6749","post","type-post","status-publish","format-standard","hentry","category-cilip-089","category-meldungen-inland"],"_links":{"self":[{"href":"https:\/\/wp-dev.daten.cool\/index.php?rest_route=\/wp\/v2\/posts\/6749","targetHints":{"allow":["GET"]}}],"collection":[{"href":"https:\/\/wp-dev.daten.cool\/index.php?rest_route=\/wp\/v2\/posts"}],"about":[{"href":"https:\/\/wp-dev.daten.cool\/index.php?rest_route=\/wp\/v2\/types\/post"}],"author":[{"embeddable":true,"href":"https:\/\/wp-dev.daten.cool\/index.php?rest_route=\/wp\/v2\/users\/2"}],"replies":[{"embeddable":true,"href":"https:\/\/wp-dev.daten.cool\/index.php?rest_route=%2Fwp%2Fv2%2Fcomments&post=6749"}],"version-history":[{"count":0,"href":"https:\/\/wp-dev.daten.cool\/index.php?rest_route=\/wp\/v2\/posts\/6749\/revisions"}],"wp:attachment":[{"href":"https:\/\/wp-dev.daten.cool\/index.php?rest_route=%2Fwp%2Fv2%2Fmedia&parent=6749"}],"wp:term":[{"taxonomy":"category","embeddable":true,"href":"https:\/\/wp-dev.daten.cool\/index.php?rest_route=%2Fwp%2Fv2%2Fcategories&post=6749"},{"taxonomy":"post_tag","embeddable":true,"href":"https:\/\/wp-dev.daten.cool\/index.php?rest_route=%2Fwp%2Fv2%2Ftags&post=6749"}],"curies":[{"name":"wp","href":"https:\/\/api.w.org\/{rel}","templated":true}]}}