{"id":6751,"date":"2008-02-06T22:22:56","date_gmt":"2008-02-06T22:22:56","guid":{"rendered":"https:\/\/www.cilip.de\/?p=6751"},"modified":"2008-02-06T22:22:56","modified_gmt":"2008-02-06T22:22:56","slug":"auslaendische-gefaehrder-im-visier-des-staatsschutzes","status":"publish","type":"post","link":"https:\/\/wp-dev.daten.cool\/?p=6751","title":{"rendered":"Ausl\u00e4ndische \u201eGef\u00e4hrder\u201c im Visier des Staatsschutzes"},"content":{"rendered":"<p>Seit drei Jahren gibt es nun schon die Arbeitsgruppe \u201eStatusrechtliche Begleitma\u00dfnahmen\u201c (AG Status). Hier arbeiten Abgesandte des Bundesamtes f\u00fcr Migration und Fl\u00fcchtlinge (BAMF), des Bundesamtes f\u00fcr Verfassungsschutz und des Bundeskriminalamts (sowie anlassbezogen auch VertreterInnen der Bundespolizei, der Bundesanwaltschaft und der L\u00e4nder) zusammen, um m\u00f6glichst fr\u00fchzeitig zu erkennen, ob bei nichtdeutschen Personen mit so genanntem extremistischem\/terroristischem Hintergrund aufenthaltsrechtliche Ma\u00dfnahmen angezeigt sind.<!--more--><\/p>\n<p>Der Antwort der Bundesregierung auf eine Kleine Anfrage von B\u00fcndnis 90\/Die Gr\u00fcnen zufolge waren Ende 2007 in der AG Status 95 Verfahren anh\u00e4ngig (24 neue F\u00e4lle im letzten Jahr).<a href=\"#_ftn1\" name=\"_ftnref1\">[1]<\/a> Bis Ende 2007 hatten 24 Fl\u00fcchtlinge auf Betreiben der AG Status ihre Anerkennung verloren (ein neuer Fall in 2007) \u2013 in der H\u00e4lfte der F\u00e4lle inzwischen rechtskr\u00e4ftig. Abgeschoben wurde bisher aber nur ein Tunesier. In 48 F\u00e4llen hatte die AG Status Ausweisungsverf\u00fcgungen empfohlen (11 Mal in 2007) \u2013 von denen sind 30 rechtskr\u00e4ftig. Und von den bundesweit insgesamt 24 \u00dcberwachungsanordnungen nach \u00a7 54a AufenthG hatte die AG Status 13 initiiert (5 Mal in 2007).<\/p>\n<p>Auf L\u00e4nderebene werden immer mehr analoge Arbeitsgruppen gegr\u00fcndet, mit denen das BAMF dann kooperiert. Waren es in 2006 noch vier L\u00e4nder-AGs<a href=\"#_ftn2\" name=\"_ftnref2\">[2]<\/a>, so sind es ein Jahr sp\u00e4ter bereits sechs mehr gewesen.<a href=\"#_ftn3\" name=\"_ftnref3\">[3]<\/a><\/p>\n<p>(Mark Holzberger)<\/p>\n<h5><a href=\"#_ftnref1\" name=\"_ftn1\">[1]<\/a>\u00a0\u00a0\u00a0\u00a0\u00a0 BT-Drs. 16\/8119 v. 15.2.2008<\/h5>\n<h5><a href=\"#_ftnref2\" name=\"_ftn2\">[2]<\/a>\u00a0\u00a0\u00a0\u00a0 Beschleunigte Identifizierung und R\u00fcckf\u00fchrung von Gef\u00e4hrdern aus dem Bereich des isla\u00admistischen Terrorismus\/Extremismus (Bayern); Antiterrorismuskoordinierung (HH); Sicherheitskonferenz (NRW); AG R\u00fcckf\u00fchrung ausl\u00e4ndischer Gef\u00e4hrder (Rheinland-Pfalz)<\/h5>\n<h5><a href=\"#_ftnref3\" name=\"_ftn3\">[3]<\/a>\u00a0\u00a0\u00a0\u00a0 AG Aufenthaltsbeendigung als gef\u00e4hrlich einzustufender Ausl\u00e4nder (Baden-W\u00fcrt\u00adtem\u00adberg); AG Extremistische Ausl\u00e4nder (Berlin); St\u00e4ndige Arbeitsgruppe Aufenthalt und Einb\u00fcrgerung (Brandenburg); Facharbeitskreis Terrorismusbek\u00e4mpfung (Mecklenburg-Vorpommern); AG Einzelf\u00e4lle (Niedersachsen); Aufenthaltsrechtliche Behandlung extremistischer\/terroristischer Ausl\u00e4nder (Schleswig-Holstein)<\/h5>\n","protected":false},"excerpt":{"rendered":"<p>Seit drei Jahren gibt es nun schon die Arbeitsgruppe \u201eStatusrechtliche Begleitma\u00dfnahmen\u201c (AG Status). Hier arbeiten<\/p>\n","protected":false},"author":2,"featured_media":0,"comment_status":"closed","ping_status":"open","sticky":false,"template":"","format":"standard","meta":{"footnotes":""},"categories":[95,146],"tags":[],"class_list":["post-6751","post","type-post","status-publish","format-standard","hentry","category-cilip-089","category-meldungen-inland"],"_links":{"self":[{"href":"https:\/\/wp-dev.daten.cool\/index.php?rest_route=\/wp\/v2\/posts\/6751","targetHints":{"allow":["GET"]}}],"collection":[{"href":"https:\/\/wp-dev.daten.cool\/index.php?rest_route=\/wp\/v2\/posts"}],"about":[{"href":"https:\/\/wp-dev.daten.cool\/index.php?rest_route=\/wp\/v2\/types\/post"}],"author":[{"embeddable":true,"href":"https:\/\/wp-dev.daten.cool\/index.php?rest_route=\/wp\/v2\/users\/2"}],"replies":[{"embeddable":true,"href":"https:\/\/wp-dev.daten.cool\/index.php?rest_route=%2Fwp%2Fv2%2Fcomments&post=6751"}],"version-history":[{"count":0,"href":"https:\/\/wp-dev.daten.cool\/index.php?rest_route=\/wp\/v2\/posts\/6751\/revisions"}],"wp:attachment":[{"href":"https:\/\/wp-dev.daten.cool\/index.php?rest_route=%2Fwp%2Fv2%2Fmedia&parent=6751"}],"wp:term":[{"taxonomy":"category","embeddable":true,"href":"https:\/\/wp-dev.daten.cool\/index.php?rest_route=%2Fwp%2Fv2%2Fcategories&post=6751"},{"taxonomy":"post_tag","embeddable":true,"href":"https:\/\/wp-dev.daten.cool\/index.php?rest_route=%2Fwp%2Fv2%2Ftags&post=6751"}],"curies":[{"name":"wp","href":"https:\/\/api.w.org\/{rel}","templated":true}]}}