{"id":6764,"date":"2008-02-06T22:28:20","date_gmt":"2008-02-06T22:28:20","guid":{"rendered":"https:\/\/www.cilip.de\/?p=6764"},"modified":"2008-02-06T22:28:20","modified_gmt":"2008-02-06T22:28:20","slug":"pruemer-vorbild-fuer-den-datenaustausch-brd-usa","status":"publish","type":"post","link":"https:\/\/wp-dev.daten.cool\/?p=6764","title":{"rendered":"Pr\u00fcmer Vorbild f\u00fcr den Datenaustausch BRD-USA"},"content":{"rendered":"<p>Der Vertrag von Pr\u00fcm, der derzeit in wesentlichen Teilen in EU-Recht \u00fcberf\u00fchrt wird, wird nun zum Modell des Datenaustauschs zwischen der BRD und den USA. Am 11.\u00a0M\u00e4rz 2008 paraphierten Bundesjustizministerin Brigitte Zypries und Bundesinnenminister Wolfgang Sch\u00e4uble sowie die US-Minister f\u00fcr Justiz und \u201eHeimatschutz\u201c, Michael Mukasey und Michael Chertoff, einen Vertrag \u201e\u00fcber die Vertiefung der Zusammenarbeit bei der Verhinderung und Bek\u00e4mpfung schwerwiegender Kri\u00adminalit\u00e4t\u201c.<a href=\"#_ftn1\" name=\"_ftnref1\">[1]<\/a> <!--more-->Beide Staaten gew\u00e4hren danach Online-Zugriff auf ihre Fingerabdruck- und DNA-Profildateien. Ergibt der Abgleich \u00dcbereinstimmungen (\u201ehits\u201c), kann \u00fcber nationale Kontaktstellen um \u00dcbermittlung der Personalien der Betroffenen sowie weiterer Informationen ersucht werden.<\/p>\n<p>Zur \u201eVerhinderung terroristischer Straftaten\u201c erlaubt Art.\u00a010 des Abkommens dar\u00fcber hinaus auch eine \u201espontane\u201c Weitergabe von personenbezogenen Daten \u00fcber die Kontaktstellen \u2013 und zwar zum einen dann, wenn \u201ebestimmte Tatsachen die Annahme rechtfertigen\u201c, dass die Betroffenen \u201eterroristische Straftaten\u201c oder solche, die \u201emit Terrorismus oder einer terroristischen Vereinigung in Zusammenhang stehen\u201c, begehen werden. Zum anderen ist eine \u00dcbermittlung ohne vorheriges Ersuchen m\u00f6glich, wenn die Beh\u00f6rden vermuten, dass eine Person \u201eeine Ausbildung zur Begehung\u201c solcher Straftaten durchlaufen hat. Damit nimmt der Vertrag eine Versch\u00e4rfung der \u00a7\u00a7\u00a0129a und b des Strafgesetzbuchs vorweg, die sich Innenminister Sch\u00e4uble seit l\u00e4ngerem w\u00fcnscht und die auch die EU-Kommission k\u00fcrzlich vorgeschlagen hat. \u00dcbermittelt werden in diesen F\u00e4llen nicht nur die Personalien, sondern auch eine \u201eDarstellung der Tatsachen\u201c, aus denen sich eine solche Annahme ergeben soll. Die Weitergabe kann zwar an Bedingungen gekn\u00fcpft werden, diese d\u00fcrfen allerdings keine \u201eallgemeinen Einschr\u00e4nkungen in Bezug auf die Rechtsnormen \u2026 f\u00fcr die Verarbeitung personenbezogener Daten\u201c enthalten. Von einem wirkungsvollen Datenschutz kann hier definitiv nicht die Rede sein.<\/p>\n<p>(Heiner Busch)<\/p>\n<h5><a href=\"#_ftnref1\" name=\"_ftn1\">[1]<\/a>\u00a0\u00a0\u00a0\u00a0\u00a0 Bundesministerium der Justiz: Pressemitteilung v. 11.3.2008<\/h5>\n","protected":false},"excerpt":{"rendered":"<p>Der Vertrag von Pr\u00fcm, der derzeit in wesentlichen Teilen in EU-Recht \u00fcberf\u00fchrt wird, wird nun<\/p>\n","protected":false},"author":9,"featured_media":0,"comment_status":"closed","ping_status":"open","sticky":false,"template":"","format":"standard","meta":{"footnotes":""},"categories":[95,145],"tags":[],"class_list":["post-6764","post","type-post","status-publish","format-standard","hentry","category-cilip-089","category-meldungen-europa"],"_links":{"self":[{"href":"https:\/\/wp-dev.daten.cool\/index.php?rest_route=\/wp\/v2\/posts\/6764","targetHints":{"allow":["GET"]}}],"collection":[{"href":"https:\/\/wp-dev.daten.cool\/index.php?rest_route=\/wp\/v2\/posts"}],"about":[{"href":"https:\/\/wp-dev.daten.cool\/index.php?rest_route=\/wp\/v2\/types\/post"}],"author":[{"embeddable":true,"href":"https:\/\/wp-dev.daten.cool\/index.php?rest_route=\/wp\/v2\/users\/9"}],"replies":[{"embeddable":true,"href":"https:\/\/wp-dev.daten.cool\/index.php?rest_route=%2Fwp%2Fv2%2Fcomments&post=6764"}],"version-history":[{"count":0,"href":"https:\/\/wp-dev.daten.cool\/index.php?rest_route=\/wp\/v2\/posts\/6764\/revisions"}],"wp:attachment":[{"href":"https:\/\/wp-dev.daten.cool\/index.php?rest_route=%2Fwp%2Fv2%2Fmedia&parent=6764"}],"wp:term":[{"taxonomy":"category","embeddable":true,"href":"https:\/\/wp-dev.daten.cool\/index.php?rest_route=%2Fwp%2Fv2%2Fcategories&post=6764"},{"taxonomy":"post_tag","embeddable":true,"href":"https:\/\/wp-dev.daten.cool\/index.php?rest_route=%2Fwp%2Fv2%2Ftags&post=6764"}],"curies":[{"name":"wp","href":"https:\/\/api.w.org\/{rel}","templated":true}]}}