{"id":6773,"date":"2007-12-06T22:40:16","date_gmt":"2007-12-06T22:40:16","guid":{"rendered":"https:\/\/www.cilip.de\/?p=6773"},"modified":"2007-12-06T22:40:16","modified_gmt":"2007-12-06T22:40:16","slug":"terror-listen","status":"publish","type":"post","link":"https:\/\/wp-dev.daten.cool\/?p=6773","title":{"rendered":"Terror-Listen"},"content":{"rendered":"<p>Die Terror-Listen der EU besch\u00e4ftigen weiterhin die Gerichte:<\/p>\n<ul>\n<li>Im Juli 2007 hatte das Europ\u00e4ische Gericht erster Instanz (EuGI)<a href=\"#_ftn1\" name=\"_ftnref1\">[1]<\/a> einer Klage der Stiftung Al Aqsa gegen ihre Erfassung auf der EU-eigenen Terror-Liste stattgegeben (Fall T-327\/03). Die Stiftung wurde jedoch nach der \u201e\u00dcberpr\u00fcfung\u201c des Listungsverfahrens nicht gestrichen und klagt deshalb erneut (T-348\/07).<\/li>\n<li>Auch die iranischen Volksmudjahedin befinden sich trotz ihres Erfolgs vor dem EuGI im Dezember 2006 weiter auf der Liste der EU (T-228\/02). Die Organisation, die auf Antrag des britischen Innenministeriums als \u201eterroristisch\u201c qualifiziert wurde, hat nun vor der Proscribed Organisations Appeal Commission des Vereinigten K\u00f6nigreichs ihre Streichung von der nationalen Terror-Liste erstritten.<a href=\"#_ftn2\" name=\"_ftnref2\">[2]<\/a><\/li>\n<\/ul>\n<p><!--more--><\/p>\n<ul>\n<li>Gegen ihre Einstufung als \u201eTerroristen\u201c sind auch drei Personen vor das EuGI gezogen, die von niederl\u00e4ndischen Gerichten wegen ihrer Mitgliedschaft in der so genannten Hofstadt-Gruppe verurteilt wurden (T-323\/07, 362\/07 und 363\/07).<\/li>\n<li>Am 11.\u00a0Oktober 2007 entschied der EuGH \u00fcber einen vom Berliner Kammergericht vorgelegten Fall (C-117\/06). Danach darf ein Berliner Grundbuchamt ein Grundst\u00fcck nicht an eine Gesellschaft b\u00fcrgerlichen Rechts umschreiben, weil einer der Gesellschafter seit Juli 2004 auf den Terror-Listen der EU und der UN gef\u00fchrt wird. Daran \u00e4ndere auch die Tatsache nichts, dass der Kaufpreis f\u00fcr das Grundst\u00fcck bereits zuvor entrichtet wurde.<\/li>\n<\/ul>\n<p>Nach einer ersten Stellungnahme im April hat der Schweizer St\u00e4nderat Dick Marty als Berichterstatter der Parlamentarischen Versammlung des Europarats im November einen ausf\u00fchrlichen Bericht folgen lassen, in dem er die Terrorlisten als der UN und der EU unw\u00fcrdig bezeichnet.<a href=\"#_ftn3\" name=\"_ftnref3\">[3]<\/a><\/p>\n<p>(Heiner Busch)<\/p>\n<h5><a href=\"#_ftnref1\" name=\"_ftn1\">[1]<\/a>\u00a0\u00a0\u00a0\u00a0\u00a0 Urteile und Materialien des EuGI und des EuGH unter http:\/\/curia.europa.eu<\/h5>\n<h5><a href=\"#_ftnref2\" name=\"_ftn2\">[2]<\/a>\u00a0\u00a0\u00a0\u00a0 s. www.statewatch.org\/terrorlists\/PC022006_PMOI_FINAL-JUDGEMENT.pdf<\/h5>\n<h5><a href=\"#_ftnref3\" name=\"_ftn3\">[3]<\/a>\u00a0\u00a0\u00a0\u00a0 http:\/\/assembly.coe.int\/ASP\/APFeaturesManager\/defaultArtSiteView.asp?ID=717<\/h5>\n","protected":false},"excerpt":{"rendered":"<p>Die Terror-Listen der EU besch\u00e4ftigen weiterhin die Gerichte: Im Juli 2007 hatte das Europ\u00e4ische Gericht<\/p>\n","protected":false},"author":9,"featured_media":0,"comment_status":"closed","ping_status":"open","sticky":false,"template":"","format":"standard","meta":{"footnotes":""},"categories":[94,145],"tags":[],"class_list":["post-6773","post","type-post","status-publish","format-standard","hentry","category-cilip-088","category-meldungen-europa"],"_links":{"self":[{"href":"https:\/\/wp-dev.daten.cool\/index.php?rest_route=\/wp\/v2\/posts\/6773","targetHints":{"allow":["GET"]}}],"collection":[{"href":"https:\/\/wp-dev.daten.cool\/index.php?rest_route=\/wp\/v2\/posts"}],"about":[{"href":"https:\/\/wp-dev.daten.cool\/index.php?rest_route=\/wp\/v2\/types\/post"}],"author":[{"embeddable":true,"href":"https:\/\/wp-dev.daten.cool\/index.php?rest_route=\/wp\/v2\/users\/9"}],"replies":[{"embeddable":true,"href":"https:\/\/wp-dev.daten.cool\/index.php?rest_route=%2Fwp%2Fv2%2Fcomments&post=6773"}],"version-history":[{"count":0,"href":"https:\/\/wp-dev.daten.cool\/index.php?rest_route=\/wp\/v2\/posts\/6773\/revisions"}],"wp:attachment":[{"href":"https:\/\/wp-dev.daten.cool\/index.php?rest_route=%2Fwp%2Fv2%2Fmedia&parent=6773"}],"wp:term":[{"taxonomy":"category","embeddable":true,"href":"https:\/\/wp-dev.daten.cool\/index.php?rest_route=%2Fwp%2Fv2%2Fcategories&post=6773"},{"taxonomy":"post_tag","embeddable":true,"href":"https:\/\/wp-dev.daten.cool\/index.php?rest_route=%2Fwp%2Fv2%2Ftags&post=6773"}],"curies":[{"name":"wp","href":"https:\/\/api.w.org\/{rel}","templated":true}]}}