{"id":6787,"date":"2007-08-06T22:46:34","date_gmt":"2007-08-06T22:46:34","guid":{"rendered":"https:\/\/www.cilip.de\/?p=6787"},"modified":"2007-08-06T22:46:34","modified_gmt":"2007-08-06T22:46:34","slug":"guantanamo-in-deutschland","status":"publish","type":"post","link":"https:\/\/wp-dev.daten.cool\/?p=6787","title":{"rendered":"Guant\u00e1namo in Deutschland"},"content":{"rendered":"<p>Am 31.\u00a0Juli 2007 verhaftete das BKA Oliver R., Axel H. und Florian L., nachdem sie versucht haben sollen, drei Bundeswehr-Lastwagen in Brand zu setzen. Sie werden der Mitgliedschaft in einer terroristischen Vereinigung beschuldigt. Laut ihren Anw\u00e4ltInnen erfolgte die Verhaftung der Drei durch eine blitzartige Blockierung der Stra\u00dfe, durch die ihr Fahrzeug abrupt zum Stehen gebracht wurde. Die Scheiben des Wagens wurden eingeschlagen und die Insassen durch die herausgebrochenen Fensterscheiben nach drau\u00dfen gezerrt. Dabei kam es zu Schnittverletzungen an verschiedenen K\u00f6rperstellen. Florian L. wurde verpr\u00fcgelt und erlitt Prellungen und Schwellungen im Gesicht und an den Rippen.<!--more--><\/p>\n<p>Den Verhafteten wurden S\u00e4cke \u00fcber die K\u00f6pfe gezogen, alle drei wurden in d\u00fcnne, wei\u00dfe Plastik-Overalls gesteckt. Sie mussten gefesselt \u00fcber einen langen Zeitraum auf der Stra\u00dfe liegen. Am n\u00e4chsten Tag wurden die Drei und der sp\u00e4ter festgenommene Sozialwissenschaftler Andrej H. mit gro\u00dfer medialer Inszenierung per Helikopter nach Karlsruhe geflogen. Oliver R. und Axel H. wurden in den zwischenzeitlich zerrissenen Anz\u00fcgen dem Haftrichter am Bundesgerichtshof vorgef\u00fchrt; erst nach Beschwerden der Anw\u00e4lte bekamen sie normale Kleidung.<\/p>\n<p>Obwohl keiner der Beschuldigten vorbestraft ist und alle in stabilen sozialen Verh\u00e4ltnissen leben, verh\u00e4ngte der Richter Untersuchungshaft mit Sonderhaftbedingungen. Die Gefangenen sind einzeln und von anderen Gefangenen isoliert 23 Stunden alleine in einer 6-8 m\u00b2 gro\u00dfen Zelle nebst Toilette und Waschbecken mit kaltem Wasser untergebracht, deren hygienischer Zustand deutlich zu w\u00fcnschen \u00fcbrig l\u00e4sst. Mindestens einem der Gefangenen verwehrte man in der gesamten ersten Woche der Zugang zu den Duschen, da die Leitung der JVA angeblich seine Isolierung in den Waschr\u00e4umen nicht h\u00e4tte gew\u00e4hrleisten k\u00f6nnen. Selbst die Anw\u00e4lte d\u00fcrfen nur durch eine Trennscheibe mit ihren Mandanten reden. Am 22. August wurde Andrej H. Haftverschonung gew\u00e4hrt.<\/p>\n<p>(B\u00fcndnis f\u00fcr die Einstellung des \u00a7 129a-Verfahrens; weitere Informationen s. <a href=\"http:\/\/einstellung.so36.net\/\">http:\/\/einstellung.so36.net\/<\/a>)<\/p>\n","protected":false},"excerpt":{"rendered":"<p>Am 31.\u00a0Juli 2007 verhaftete das BKA Oliver R., Axel H. und Florian L., nachdem sie<\/p>\n","protected":false},"author":2,"featured_media":0,"comment_status":"open","ping_status":"open","sticky":false,"template":"","format":"standard","meta":{"footnotes":""},"categories":[93,146],"tags":[],"class_list":["post-6787","post","type-post","status-publish","format-standard","hentry","category-cilip-087","category-meldungen-inland"],"_links":{"self":[{"href":"https:\/\/wp-dev.daten.cool\/index.php?rest_route=\/wp\/v2\/posts\/6787","targetHints":{"allow":["GET"]}}],"collection":[{"href":"https:\/\/wp-dev.daten.cool\/index.php?rest_route=\/wp\/v2\/posts"}],"about":[{"href":"https:\/\/wp-dev.daten.cool\/index.php?rest_route=\/wp\/v2\/types\/post"}],"author":[{"embeddable":true,"href":"https:\/\/wp-dev.daten.cool\/index.php?rest_route=\/wp\/v2\/users\/2"}],"replies":[{"embeddable":true,"href":"https:\/\/wp-dev.daten.cool\/index.php?rest_route=%2Fwp%2Fv2%2Fcomments&post=6787"}],"version-history":[{"count":0,"href":"https:\/\/wp-dev.daten.cool\/index.php?rest_route=\/wp\/v2\/posts\/6787\/revisions"}],"wp:attachment":[{"href":"https:\/\/wp-dev.daten.cool\/index.php?rest_route=%2Fwp%2Fv2%2Fmedia&parent=6787"}],"wp:term":[{"taxonomy":"category","embeddable":true,"href":"https:\/\/wp-dev.daten.cool\/index.php?rest_route=%2Fwp%2Fv2%2Fcategories&post=6787"},{"taxonomy":"post_tag","embeddable":true,"href":"https:\/\/wp-dev.daten.cool\/index.php?rest_route=%2Fwp%2Fv2%2Ftags&post=6787"}],"curies":[{"name":"wp","href":"https:\/\/api.w.org\/{rel}","templated":true}]}}