{"id":6801,"date":"2007-02-05T22:58:52","date_gmt":"2007-02-05T22:58:52","guid":{"rendered":"https:\/\/www.cilip.de\/?p=6801"},"modified":"2007-02-05T22:58:52","modified_gmt":"2007-02-05T22:58:52","slug":"terror-an-bayerns-unis","status":"publish","type":"post","link":"https:\/\/wp-dev.daten.cool\/?p=6801","title":{"rendered":"Terror an Bayerns Unis"},"content":{"rendered":"<p>Anfang M\u00e4rz 2007 wurden die Fakult\u00e4tsleitungen der Ludwig-Maximi\u00adlians-Universit\u00e4t M\u00fcnchen per Rundmail zu hoher Wachsamkeit gegen\u00fcber Personen mit \u201eterrorverd\u00e4chtigen\u201c Verhaltensweisen aufgerufen. Unter dem \u201eBetreff: islamistische Anschl\u00e4ge im Bundesgebiet\u201c forderte der \u201eAnsprechpartner f\u00fcr Sicherheitsfragen\u201c, der den Kontakt der Universit\u00e4t mit dem Bayerischen Landesamt f\u00fcr Verfassungsschutz (LfV) halten soll, alle MitarbeiterInnen auf, verd\u00e4chtig erscheinende Wahrnehmungen, die R\u00fcckschl\u00fcsse auf eine islamisch-fun\u00addamen\u00adtalistische Haltung zulassen, unverz\u00fcglich zu melden. <!--more-->Zu achten sei auf Studierende, MitarbeiterInnen oder sonstige Geb\u00e4udenutzerInnen, die sich durch \u201eeinen Bruch im Lebenswandel, Gewaltbereitschaft, radikal-verbale \u00c4u\u00dferungen oder Besch\u00e4ftigung mit einschl\u00e4giger Literatur auff\u00e4llig in Richtung islamischer Fundamentalismus ver\u00e4ndern\u201c.<a href=\"#_ftn1\" name=\"_ftnref1\">[1]<\/a><\/p>\n<p>Der Mail vorausgegangen war ein Treffen aller Kanzler der bayerischen Universit\u00e4ten mit dem Pr\u00e4sidenten des LfV. Mit der Ernennung von Ansprechpartnern und der Intensivierung der Zusammenarbeit zwischen Hochschulen und Verfassungsschutz \u201eim Sinne einer Sicherheitspartnerschaft\u201c soll ein Beschluss der Innenministerkonferenz von November 2006 umgesetzt werden. Die um ihren Ruf besorgte Leitung der Universit\u00e4t ruderte nach Bekanntwerden der Mail zur\u00fcck und distanzierte sich von einigen \u201emissverst\u00e4ndlichen Formulierungen\u201c. In einem Klima der Bespitzelung, Beschn\u00fcffelung oder des wechselseitigen Aushorchens sei ein ehrlicher akademischer Dialog unm\u00f6glich.<\/p>\n<p>Dass das bayerische Beispiel Schule macht, wurde indessen wenige Tage sp\u00e4ter deutlich, als der nieders\u00e4chsische Innenminister Uwe Sch\u00fcnemann die Ernennung spezieller Sicherheitsbeauftragter auch an den nieders\u00e4chsischen Hochschulen forderte.<a href=\"#_ftn2\" name=\"_ftnref2\">[2]<\/a><\/p>\n<p>(Anja Lederer)<\/p>\n<h5><a href=\"#_ftnref1\" name=\"_ftn1\">[1]<\/a>\u00a0\u00a0\u00a0\u00a0\u00a0 www.spiegel.de\/unispiegel\/studium\/0,1518,471697,00.html v. 14.3.2007<\/h5>\n<h5><a href=\"#_ftnref2\" name=\"_ftn2\">[2]<\/a>\u00a0\u00a0\u00a0\u00a0 Hessisch-Nieders\u00e4chsische Allgemeine v. 20.3.2007<\/h5>\n","protected":false},"excerpt":{"rendered":"<p>Anfang M\u00e4rz 2007 wurden die Fakult\u00e4tsleitungen der Ludwig-Maximi\u00adlians-Universit\u00e4t M\u00fcnchen per Rundmail zu hoher Wachsamkeit gegen\u00fcber<\/p>\n","protected":false},"author":2,"featured_media":0,"comment_status":"closed","ping_status":"open","sticky":false,"template":"","format":"standard","meta":{"footnotes":""},"categories":[92,146],"tags":[],"class_list":["post-6801","post","type-post","status-publish","format-standard","hentry","category-cilip-086","category-meldungen-inland"],"_links":{"self":[{"href":"https:\/\/wp-dev.daten.cool\/index.php?rest_route=\/wp\/v2\/posts\/6801","targetHints":{"allow":["GET"]}}],"collection":[{"href":"https:\/\/wp-dev.daten.cool\/index.php?rest_route=\/wp\/v2\/posts"}],"about":[{"href":"https:\/\/wp-dev.daten.cool\/index.php?rest_route=\/wp\/v2\/types\/post"}],"author":[{"embeddable":true,"href":"https:\/\/wp-dev.daten.cool\/index.php?rest_route=\/wp\/v2\/users\/2"}],"replies":[{"embeddable":true,"href":"https:\/\/wp-dev.daten.cool\/index.php?rest_route=%2Fwp%2Fv2%2Fcomments&post=6801"}],"version-history":[{"count":0,"href":"https:\/\/wp-dev.daten.cool\/index.php?rest_route=\/wp\/v2\/posts\/6801\/revisions"}],"wp:attachment":[{"href":"https:\/\/wp-dev.daten.cool\/index.php?rest_route=%2Fwp%2Fv2%2Fmedia&parent=6801"}],"wp:term":[{"taxonomy":"category","embeddable":true,"href":"https:\/\/wp-dev.daten.cool\/index.php?rest_route=%2Fwp%2Fv2%2Fcategories&post=6801"},{"taxonomy":"post_tag","embeddable":true,"href":"https:\/\/wp-dev.daten.cool\/index.php?rest_route=%2Fwp%2Fv2%2Ftags&post=6801"}],"curies":[{"name":"wp","href":"https:\/\/api.w.org\/{rel}","templated":true}]}}