{"id":6803,"date":"2007-02-05T22:59:35","date_gmt":"2007-02-05T22:59:35","guid":{"rendered":"https:\/\/www.cilip.de\/?p=6803"},"modified":"2007-02-05T22:59:35","modified_gmt":"2007-02-05T22:59:35","slug":"deutsche-polizisten-bald-auch-unfreiwillig-in-aller-welt","status":"publish","type":"post","link":"https:\/\/wp-dev.daten.cool\/?p=6803","title":{"rendered":"Deutsche Polizisten bald auch unfreiwillig in aller Welt?"},"content":{"rendered":"<p>Angeh\u00f6rige der Bundespolizei sollen in Zukunft nicht nur freiwillig an Auslandseins\u00e4tzen teilnehmen, sondern dazu auch verpflichtet werden k\u00f6nnen. Im Zuge der derzeitigen Reorganisation des ehemaligen Bundesgrenzschutzes will Bundesinnenminister Wolfgang Sch\u00e4uble (CDU) diese Verpflichtungsm\u00f6glichkeit gesetzlich verankern.<!--more--><\/p>\n<p>Hintergrund der Reorganisation ist der Schengen-Beitritt Polens, Tschechiens und der Schweiz, durch den die regelm\u00e4\u00dfigen Kontrollen auch an diesen Abschnitten der deutschen Grenzen wegfallen.<a href=\"#_ftn1\" name=\"_ftnref1\">[1]<\/a> Die Rolle der Grenzpolizei im engeren Sinne wird damit obsolet. Die Bundespolizei d\u00fcrfte nun einerseits ihre Pr\u00e4senz im Inland verst\u00e4rken. Zum andern ist eine Zunahme ihrer internationalen Aktivit\u00e4ten zu erwarten \u2013 im Rahmen der EU-Grenzschutzagentur Frontex, aber auch bei internationalen \u201eFriedensmissionen\u201c. Zu solchen Eins\u00e4tzen befinden oder befanden sich Angeh\u00f6rige der Bundespolizei (und der L\u00e4nderpolizeien) bereits u.a. in Kambodscha, Albanien, Kroatien, Bosnien, Kosovo und Afghanistan.<a href=\"#_ftn2\" name=\"_ftnref2\">[2]<\/a> Teilweise \u00fcbten sie selbst exekutive Befugnisse aus. H\u00e4ufig waren sie eingebunden in milit\u00e4rische Strukturen von \u201eFriedenstruppen\u201c. Die Beteiligung an der aus paramilit\u00e4rischen Polizeien mehrerer EU-Staaten (u.a. Italien, Frankreich, Spanien) rekrutierten European Gendarmerie Force (EGF) war dagegen wegen des fehlenden Kombattantenstatus bisher ausgeschlossen.<\/p>\n<p>Mit seinen Pl\u00e4nen zur \u201eBeamtenverschickung\u201c trifft Sch\u00e4uble im Bundestag auf gemischte Reaktionen: Unions-Fraktionsvize Wolfgang Bosbach ist \u201esehr zur\u00fcckhaltend\u201c, der innenpolitische Sprecher der SPD Dieter Wiefelsp\u00fctz sehr daf\u00fcr: Deutschland habe \u201eSicherheitsinteressen auch im Ausland\u201c, weshalb ein Einsatz im Ausland \u201ezu den selbstverst\u00e4ndlichen Pflichten eines Bundespolizisten\u201c geh\u00f6re. J\u00fcrgen Trittin (Gr\u00fcne) schl\u00e4gt statt dessen vor, innerhalb der Bundeswehr Polizeieinheiten im Stile der italienischen Carabinieri aufzubauen.<a href=\"#_ftn3\" name=\"_ftnref3\">[3]<\/a> Damit w\u00e4re auch die Teilnahme an den \u201erobusten\u201c Eins\u00e4tzen der EGF m\u00f6glich.<\/p>\n<p>(Fredrik Roggan)<\/p>\n<h5><a href=\"#_ftnref1\" name=\"_ftn1\">[1]<\/a> \u00a0\u00a0\u00a0\u00a0 Bundesministerium des Innern, Pressemitteilung v. 17.11.2006<\/h5>\n<h5><a href=\"#_ftnref2\" name=\"_ftn2\">[2]<\/a> \u00a0\u00a0\u00a0 Stolle, S.: Weltweite Ordnungsh\u00fcter, in: B\u00fcrgerrechte &amp; Polizei\/CILIP 75 (2\/2003), S. 28-31<\/h5>\n<h5><a href=\"#_ftnref3\" name=\"_ftn3\">[3]<\/a> \u00a0\u00a0\u00a0 Mitteldeutsche Zeitung v. 12.3.2007, Berliner Zeitung v. 19.3.2007<\/h5>\n","protected":false},"excerpt":{"rendered":"<p>Angeh\u00f6rige der Bundespolizei sollen in Zukunft nicht nur freiwillig an Auslandseins\u00e4tzen teilnehmen, sondern dazu auch<\/p>\n","protected":false},"author":2,"featured_media":0,"comment_status":"closed","ping_status":"open","sticky":false,"template":"","format":"standard","meta":{"footnotes":""},"categories":[92,146],"tags":[],"class_list":["post-6803","post","type-post","status-publish","format-standard","hentry","category-cilip-086","category-meldungen-inland"],"_links":{"self":[{"href":"https:\/\/wp-dev.daten.cool\/index.php?rest_route=\/wp\/v2\/posts\/6803","targetHints":{"allow":["GET"]}}],"collection":[{"href":"https:\/\/wp-dev.daten.cool\/index.php?rest_route=\/wp\/v2\/posts"}],"about":[{"href":"https:\/\/wp-dev.daten.cool\/index.php?rest_route=\/wp\/v2\/types\/post"}],"author":[{"embeddable":true,"href":"https:\/\/wp-dev.daten.cool\/index.php?rest_route=\/wp\/v2\/users\/2"}],"replies":[{"embeddable":true,"href":"https:\/\/wp-dev.daten.cool\/index.php?rest_route=%2Fwp%2Fv2%2Fcomments&post=6803"}],"version-history":[{"count":0,"href":"https:\/\/wp-dev.daten.cool\/index.php?rest_route=\/wp\/v2\/posts\/6803\/revisions"}],"wp:attachment":[{"href":"https:\/\/wp-dev.daten.cool\/index.php?rest_route=%2Fwp%2Fv2%2Fmedia&parent=6803"}],"wp:term":[{"taxonomy":"category","embeddable":true,"href":"https:\/\/wp-dev.daten.cool\/index.php?rest_route=%2Fwp%2Fv2%2Fcategories&post=6803"},{"taxonomy":"post_tag","embeddable":true,"href":"https:\/\/wp-dev.daten.cool\/index.php?rest_route=%2Fwp%2Fv2%2Ftags&post=6803"}],"curies":[{"name":"wp","href":"https:\/\/api.w.org\/{rel}","templated":true}]}}