{"id":6805,"date":"2007-02-06T23:00:30","date_gmt":"2007-02-06T23:00:30","guid":{"rendered":"https:\/\/www.cilip.de\/?p=6805"},"modified":"2007-02-06T23:00:30","modified_gmt":"2007-02-06T23:00:30","slug":"bespitzelung-des-berliner-sozialforums","status":"publish","type":"post","link":"https:\/\/wp-dev.daten.cool\/?p=6805","title":{"rendered":"Bespitzelung des Berliner Sozialforums"},"content":{"rendered":"<p>Am 12. Juni 2006 hatte der \u201eSpiegel\u201c erstmals berichtet, dass das Berliner Sozialforum (BSF) seit seiner Gr\u00fcndung im Jahre 2002 von Spitzeln des Verfassungsschutzes unterwandert war. Seit Ende letzten Jahres ist klar, dass insgesamt f\u00fcnf V-M\u00e4nner auf das BSF angesetzt waren \u2013 einer der Abteilung Verfassungsschutz des Berliner Innensenats, vier des Bundesamtes (BfV).<a href=\"#_ftn1\" name=\"_ftnref1\">[1]<\/a> Von diesen freien Mitarbeiter der Schn\u00fcffelbeh\u00f6rden konnten zwischenzeitlich vier enttarnt werden, das BSF hat allerdings beschlossen, die Namen nicht bekanntzugeben.<!--more--><\/p>\n<p>Vor dem Verfassungsschutzausschuss der Berliner Abgeordnetenhauses erkl\u00e4rten Innensenator Ehrhart K\u00f6rting (SPD) und die Leiterin des Berliner Verfassungsschutzes Claudia Schmid bereits am 22. Juni 2006, dass das BSF selbst nicht auf der Liste der Beobachtungsobjekte stehe. Ziel der \u00dcberwachung seien vielmehr \u201eautonome\u201c Gruppierungen (wie FelS, Autopool und Antifaschistische Linke Berlin) gewesen, die der Verfassungsschutz als \u201elinksextremistisch\u201c etikettiert. Die dabei angefallenen \u201eErkenntnisse\u201c \u00fcber das BSF und die gesamte Berliner Linke hat der Verfassungsschutz jedoch gerne in Kauf genommen. Sowohl die Begr\u00fcndung der \u00dcberwachung als auch der Umgang mit dem Skandal zeigen, dass der Geheimdienst auch unter einer \u201erot-roten\u201c Regierung wie in Berlin unkontrollierbar und strukturell undemokratisch bleibt.<\/p>\n<p>Den Ausschussmitgliedern tischte der Senat f\u00fcnf Ordner (800 Blatt) Akten auf, die sie in 48 Stunden einsehen durften. Viele Stellen waren abgedeckt, und es ist sehr zu bezweifeln, ob die Unterlagen vollst\u00e4ndig waren. Von den Betroffenen hat bisher nur der FU-Pro\u00adfessor Peter Grottian Einsicht in seine Akten erhalten. Obwohl ihre Namen in den Akten mehrfach auftauchten, wurde den anderen ca. 80 Personen dieses Recht bisher pauschal verweigert, weil \u201eeine Ausforschung des Erkenntnisstandes und der Arbeitsweise des Berliner Verfassungsschutzes zu bef\u00fcrchten\u201c sei. Stellvertretend f\u00fcr das Sozialforum haben nun zwei Personen Klage beim Verwaltungsgericht eingereicht. (Spenden zu deren Finanzierung bitte an \u201eHaus Sozialforum Berlin\u201c, Konto-Nr. 401 865 1600, GLS Gemeinschaftsbank, BLZ 430 609 67, Stichwort: VS-Skandal)<\/p>\n<p>(Corinna Genschel)<\/p>\n<h5><a href=\"#_ftnref1\" name=\"_ftn1\">[1]<\/a> \u00a0\u00a0\u00a0\u00a0 Eine Chronologie des Skandals sowie weitere Materialien finden sich auf der Homepage des BSF, www.sozialforum-berlin.de.<\/h5>\n","protected":false},"excerpt":{"rendered":"<p>Am 12. Juni 2006 hatte der \u201eSpiegel\u201c erstmals berichtet, dass das Berliner Sozialforum (BSF) seit<\/p>\n","protected":false},"author":2,"featured_media":0,"comment_status":"closed","ping_status":"open","sticky":false,"template":"","format":"standard","meta":{"footnotes":""},"categories":[92,146],"tags":[],"class_list":["post-6805","post","type-post","status-publish","format-standard","hentry","category-cilip-086","category-meldungen-inland"],"_links":{"self":[{"href":"https:\/\/wp-dev.daten.cool\/index.php?rest_route=\/wp\/v2\/posts\/6805","targetHints":{"allow":["GET"]}}],"collection":[{"href":"https:\/\/wp-dev.daten.cool\/index.php?rest_route=\/wp\/v2\/posts"}],"about":[{"href":"https:\/\/wp-dev.daten.cool\/index.php?rest_route=\/wp\/v2\/types\/post"}],"author":[{"embeddable":true,"href":"https:\/\/wp-dev.daten.cool\/index.php?rest_route=\/wp\/v2\/users\/2"}],"replies":[{"embeddable":true,"href":"https:\/\/wp-dev.daten.cool\/index.php?rest_route=%2Fwp%2Fv2%2Fcomments&post=6805"}],"version-history":[{"count":0,"href":"https:\/\/wp-dev.daten.cool\/index.php?rest_route=\/wp\/v2\/posts\/6805\/revisions"}],"wp:attachment":[{"href":"https:\/\/wp-dev.daten.cool\/index.php?rest_route=%2Fwp%2Fv2%2Fmedia&parent=6805"}],"wp:term":[{"taxonomy":"category","embeddable":true,"href":"https:\/\/wp-dev.daten.cool\/index.php?rest_route=%2Fwp%2Fv2%2Fcategories&post=6805"},{"taxonomy":"post_tag","embeddable":true,"href":"https:\/\/wp-dev.daten.cool\/index.php?rest_route=%2Fwp%2Fv2%2Ftags&post=6805"}],"curies":[{"name":"wp","href":"https:\/\/api.w.org\/{rel}","templated":true}]}}