{"id":6807,"date":"2007-02-06T23:01:04","date_gmt":"2007-02-06T23:01:04","guid":{"rendered":"https:\/\/www.cilip.de\/?p=6807"},"modified":"2007-02-06T23:01:04","modified_gmt":"2007-02-06T23:01:04","slug":"linksfraktion-im-visier-des-verfassungsschutzes","status":"publish","type":"post","link":"https:\/\/wp-dev.daten.cool\/?p=6807","title":{"rendered":"Linksfraktion im Visier des Verfassungsschutzes"},"content":{"rendered":"<p>Die Linksfraktion im Bundestag steht unter Beobachtung des Verfassungsschutzes. Mit ihrer Antwort von Ende Dezember 2006 auf eine kleine Anfrage der Fraktion best\u00e4tigt die Bundesregierung, was seit langem vermutet wurde.<a href=\"#_ftn1\" name=\"_ftnref1\">[1]<\/a> Grund der Beobachtung seien \u201etats\u00e4chliche Anhaltspunkte\u201c f\u00fcr \u201elinksextremistische Bestrebungen\u201c, sowohl in den Aussagen als auch in der politischen Praxis der Linken.<!--more--><\/p>\n<p>Auf entsprechende fr\u00fchere Anfragen der Partei hatte die Bundesregierung stets mit dem Verweis auf die Geheimhaltungspflicht und das zust\u00e4ndige parlamentarische Kontrollgremium geantwortet.<a href=\"#_ftn2\" name=\"_ftnref2\">[2]<\/a> Hintergrund der neuen \u201eOffenheit\u201c ist der Umstand, dass seit Sommer letzten Jahres fast alle 53 Bundestagsabgeordneten der Partei beim BfV Antr\u00e4ge auf Auskunft \u00fcber die zu ihrer Person erfassten Daten gestellt hatten. Nachdem einige ParlamentarierInnen positive Bescheide erhalten, darunter Fraktionschef Gregor Gysi und die Bundestagsvizepr\u00e4sidentin Petra Pau, gestand die Bundesregierung im M\u00e4rz auch ein, dass beim BfV eine Sachakte \u00fcber die Fraktion existiert.<a href=\"#_ftn3\" name=\"_ftnref3\">[3]<\/a> Man verwahre sich allerdings gegen den Begriff \u201e\u00dcberwachung\u201c. Bei der \u201eBeobachtung\u201c der Fraktion w\u00fcrden \u201eselbstverst\u00e4ndlich\u201c keine nachrichtendienstlichen Mittel verwendet, auch wenn dies grunds\u00e4tzlich zul\u00e4ssig w\u00e4re.<\/p>\n<p>Details \u00fcber die \u201eBeobachtung\u201c bleibt die Regierung aber nach wie vor schuldig. Fragen nach der Legitimation der Ma\u00dfnahmen beantwortet sie mit einem Verweis auf ein vom \u00c4ltestenrat des Bundestages angefordertes Gutachten des Wissenschaftlichen Dienstes.<a href=\"#_ftn4\" name=\"_ftnref4\">[4]<\/a> Danach w\u00e4re eine Beobachtung einer Fraktion auch mit nachrichtendienstlichen Mitteln nur dann unzul\u00e4ssig, wenn sie auf die parlamentarische Willensbildung direkt oder indirekt Einfluss nehmen w\u00fcrde. Die Frage, ob das freie Mandat nicht auch die au\u00dferparlamentarische T\u00e4tigkeit der Abgeordneten betreffe, verneint die Regierung.<\/p>\n<p>(Jan W\u00f6rlein)<\/p>\n<h5><a href=\"#_ftnref1\" name=\"_ftn1\">[1]<\/a> \u00a0\u00a0\u00a0\u00a0 BT-Drs. 16\/3964 v. 22.12.2006<\/h5>\n<h5><a href=\"#_ftnref2\" name=\"_ftn2\">[2]<\/a> \u00a0\u00a0\u00a0 z.B. BT-Drs. 16\/1590 v. 23.5.2006, 16\/2166 v.11.8.2006 und 16\/2601 v. 28.9.2006<\/h5>\n<h5><a href=\"#_ftnref3\" name=\"_ftn3\">[3]<\/a>\u00a0\u00a0\u00a0\u00a0 BT-Drs. 16\/4502 v. 5.3.2007<\/h5>\n<h5><a href=\"#_ftnref4\" name=\"_ftn4\">[4]<\/a> \u00a0\u00a0\u00a0 BT, Wissenschaftlicher Dienst: Parlamentarische Kontrolle der Beobachtung von Abgeordneten durch den Verfassungsschutz, Gutachten, Berlin 8.5.2007<\/h5>\n","protected":false},"excerpt":{"rendered":"<p>Die Linksfraktion im Bundestag steht unter Beobachtung des Verfassungsschutzes. Mit ihrer Antwort von Ende Dezember<\/p>\n","protected":false},"author":2,"featured_media":0,"comment_status":"closed","ping_status":"open","sticky":false,"template":"","format":"standard","meta":{"footnotes":""},"categories":[92,146],"tags":[],"class_list":["post-6807","post","type-post","status-publish","format-standard","hentry","category-cilip-086","category-meldungen-inland"],"_links":{"self":[{"href":"https:\/\/wp-dev.daten.cool\/index.php?rest_route=\/wp\/v2\/posts\/6807","targetHints":{"allow":["GET"]}}],"collection":[{"href":"https:\/\/wp-dev.daten.cool\/index.php?rest_route=\/wp\/v2\/posts"}],"about":[{"href":"https:\/\/wp-dev.daten.cool\/index.php?rest_route=\/wp\/v2\/types\/post"}],"author":[{"embeddable":true,"href":"https:\/\/wp-dev.daten.cool\/index.php?rest_route=\/wp\/v2\/users\/2"}],"replies":[{"embeddable":true,"href":"https:\/\/wp-dev.daten.cool\/index.php?rest_route=%2Fwp%2Fv2%2Fcomments&post=6807"}],"version-history":[{"count":0,"href":"https:\/\/wp-dev.daten.cool\/index.php?rest_route=\/wp\/v2\/posts\/6807\/revisions"}],"wp:attachment":[{"href":"https:\/\/wp-dev.daten.cool\/index.php?rest_route=%2Fwp%2Fv2%2Fmedia&parent=6807"}],"wp:term":[{"taxonomy":"category","embeddable":true,"href":"https:\/\/wp-dev.daten.cool\/index.php?rest_route=%2Fwp%2Fv2%2Fcategories&post=6807"},{"taxonomy":"post_tag","embeddable":true,"href":"https:\/\/wp-dev.daten.cool\/index.php?rest_route=%2Fwp%2Fv2%2Ftags&post=6807"}],"curies":[{"name":"wp","href":"https:\/\/api.w.org\/{rel}","templated":true}]}}