{"id":6827,"date":"2006-12-06T23:18:33","date_gmt":"2006-12-06T23:18:33","guid":{"rendered":"https:\/\/www.cilip.de\/?p=6827"},"modified":"2006-12-06T23:18:33","modified_gmt":"2006-12-06T23:18:33","slug":"sis-one4all","status":"publish","type":"post","link":"https:\/\/wp-dev.daten.cool\/?p=6827","title":{"rendered":"\u201eSIS one4all\u201c"},"content":{"rendered":"<p>Dank der Kompromissbereitschaft des Parlaments sind zwar die Rechtsgrundlagen f\u00fcr das SIS II p\u00fcnktlich zustande gekommen. Die Pl\u00e4ne f\u00fcr seine Einf\u00fchrung und damit zusammenh\u00e4ngend f\u00fcr die Aufhebung der Kontrollen an den Grenzen zu und zwischen den im Jahre 2004 der EU beigetretenen Staaten k\u00f6nnen jedoch trotzdem nicht gehalten werden. Auf seiner Tagung am 4. und 5. Dezember 2006 beschloss der Rat der Innen- und Justizminister nun eine Zwischenl\u00f6sung: Um die Aufhebung der Grenzkontrollen nicht \u00fcberm\u00e4\u00dfig hinauszuschieben, sollen die neuen Mitgliedstaaten vorerst an das bestehende SIS angeschlossen werden.<a href=\"#_ftn1\" name=\"_ftnref1\">[1]<\/a><!--more--><\/p>\n<p>Nach der urspr\u00fcnglichen Planung h\u00e4tte das SIS II im M\u00e4rz 2007 betriebsbereit sein und nach einer Evaluationsphase Ende Oktober 2007 \u2013 zeitgleich mit der Aufhebung der Binnengrenzkontrollen \u2013 ans Netz gehen sollen. Schon seit Monaten waren Verz\u00f6gerungen offensichtlich. Rechtsstreitigkeiten \u00fcber die Auftragsvergabe f\u00fcr das neue System f\u00fchrten dazu, dass die Kommission die Arbeiten zeitweilig einstellen musste. Hinzu kamen technische Probleme mit der Kommunikationsinfrastruktur f\u00fcr das SIS II.<\/p>\n<p>Im Oktober pr\u00e4sentierte das portugiesische Innenministerium eine Durchf\u00fchrbarkeitsstudie f\u00fcr eine erneute Ausdehnung des bestehenden Systems unter dem Titel \u201eSIS one4all\u201c.<a href=\"#_ftn2\" name=\"_ftnref2\">[2]<\/a> Danach soll das SIS I wie schon beim Anschluss der nordischen Staaten im Jahre 1998 erneut aufger\u00fcstet werden. Diese technischen Voraussetzungen will der Rat bis Juni 2007 geschaffen haben. Ab Januar 2008 sollen dann die Kontrollen an den Land- und Seegrenzen fallen. Ab Ende M\u00e4rz soll dasselbe f\u00fcr die EU-Binnenfl\u00fcge gelten. Voraussetzung bleibt jedoch, dass die nicht mehr ganz so neuen EU-Staaten in der Evaluationsphase in der zweiten Jahresh\u00e4lfte 2007 beweisen, dass sie den Schengener Besitzstand voll und ganz umsetzen und d.h. vor allem die Au\u00dfengrenzen der EU nach dem bekannten rigiden Muster kontrollieren k\u00f6nnen.<\/p>\n<p>Die Ausdehnung des SIS I sei eine einfache und g\u00fcnstige Variante, behauptet das portugiesische Innenministerium. Die Aufr\u00fcstung der zentralen Infrastruktur (C.SIS) wird rund sechs Millionen Euro kosten. Das bestehende SIS wird jedoch nicht aus dem EU-Haushalt, sondern noch von den Mitgliedstaaten finanziert. Die neuen Schengen-Staaten m\u00fcssen sich beteiligen. Sie haben nicht nur ihre Anteile am C.SIS, sondern dar\u00fcber hinaus auch ihre nationalen SIS-Komponenten zu zahlen. Der Preis f\u00fcr die im Schengener Rahmen ohnehin nur begrenzte Aufhebung der Kontrollen wird f\u00fcr sie daher erheblich h\u00f6her sein, als f\u00fcr die alten Mitgliedstaaten.<\/p>\n<p>Die Einf\u00fchrung des SIS II wird sich durch die Zwischenl\u00f6sung weiter verz\u00f6gern. Inoffiziell ist nun von einem Termin im Jahre 2009 die Rede.<a href=\"#_ftn3\" name=\"_ftnref3\">[3]<\/a><\/p>\n<p>(Heiner Busch)<\/p>\n<h5><a href=\"#_ftnref1\" name=\"_ftn1\">[1]<\/a>\u00a0\u00a0\u00a0\u00a0\u00a0 Schlussfolgerungen des Rates \u00fcber die Erweiterung des Schengen-Raumes, Ratsdok. 15801\/06 v. 4.\/5.12.2006, S. 13-16<\/h5>\n<h5><a href=\"#_ftnref2\" name=\"_ftn2\">[2]<\/a>\u00a0\u00a0\u00a0\u00a0 Ratsdok. 13540\/06 v. 12.10.2006<\/h5>\n<h5><a href=\"#_ftnref3\" name=\"_ftn3\">[3]<\/a>\u00a0\u00a0\u00a0\u00a0 www.networld.at\/articles\/0649\/15\/15498.shtml\/print<\/h5>\n","protected":false},"excerpt":{"rendered":"<p>Dank der Kompromissbereitschaft des Parlaments sind zwar die Rechtsgrundlagen f\u00fcr das SIS II p\u00fcnktlich zustande<\/p>\n","protected":false},"author":9,"featured_media":0,"comment_status":"closed","ping_status":"open","sticky":false,"template":"","format":"standard","meta":{"footnotes":""},"categories":[91,145],"tags":[],"class_list":["post-6827","post","type-post","status-publish","format-standard","hentry","category-cilip-085","category-meldungen-europa"],"_links":{"self":[{"href":"https:\/\/wp-dev.daten.cool\/index.php?rest_route=\/wp\/v2\/posts\/6827","targetHints":{"allow":["GET"]}}],"collection":[{"href":"https:\/\/wp-dev.daten.cool\/index.php?rest_route=\/wp\/v2\/posts"}],"about":[{"href":"https:\/\/wp-dev.daten.cool\/index.php?rest_route=\/wp\/v2\/types\/post"}],"author":[{"embeddable":true,"href":"https:\/\/wp-dev.daten.cool\/index.php?rest_route=\/wp\/v2\/users\/9"}],"replies":[{"embeddable":true,"href":"https:\/\/wp-dev.daten.cool\/index.php?rest_route=%2Fwp%2Fv2%2Fcomments&post=6827"}],"version-history":[{"count":0,"href":"https:\/\/wp-dev.daten.cool\/index.php?rest_route=\/wp\/v2\/posts\/6827\/revisions"}],"wp:attachment":[{"href":"https:\/\/wp-dev.daten.cool\/index.php?rest_route=%2Fwp%2Fv2%2Fmedia&parent=6827"}],"wp:term":[{"taxonomy":"category","embeddable":true,"href":"https:\/\/wp-dev.daten.cool\/index.php?rest_route=%2Fwp%2Fv2%2Fcategories&post=6827"},{"taxonomy":"post_tag","embeddable":true,"href":"https:\/\/wp-dev.daten.cool\/index.php?rest_route=%2Fwp%2Fv2%2Ftags&post=6827"}],"curies":[{"name":"wp","href":"https:\/\/api.w.org\/{rel}","templated":true}]}}