{"id":6849,"date":"2006-08-06T23:42:39","date_gmt":"2006-08-06T23:42:39","guid":{"rendered":"https:\/\/www.cilip.de\/?p=6849"},"modified":"2006-08-06T23:42:39","modified_gmt":"2006-08-06T23:42:39","slug":"wolfgang-daschners-karriere","status":"publish","type":"post","link":"https:\/\/wp-dev.daten.cool\/?p=6849","title":{"rendered":"Wolfgang Daschners Karriere"},"content":{"rendered":"<p>Zum 1.4.2006 wurde der fr\u00fchere Vizepr\u00e4sident der Frankfurter Polizei zum neuen Pr\u00e4sidenten des Polizeipr\u00e4sidiums f\u00fcr Technik, Logistik und Verwaltung ernannt.<a href=\"#_ftn1\" name=\"_ftnref1\">[1]<\/a> Seit April 2005 hatte Daschner bereits die Leitung des Pr\u00e4sidiums wahrgenommen. Innenminister Volker Bouffier lobte den zuk\u00fcnftigen Pr\u00e4sidenten f\u00fcr seine in den vergangenen Monaten geleistete \u201ehervorragende Arbeit\u201c. Seine \u201ein vielen Bereichen erworbenen Kenntnisse der Polizeiarbeit, seine gro\u00dfe Erfahrung in der Personalf\u00fchrung und Leitung gro\u00dfer Polizeiorganisationen, verbunden mit einem \u00fcberaus menschlichen F\u00fchrungsstil\u201c zeichneten ihn aus. Seine Ernennung sei \u201eeine gute Nachricht f\u00fcr Hessen und die Hessische Polizei\u201c.<!--more--><\/p>\n<p>Zur Erinnerung: Als Polizeivizepr\u00e4sident von Frankfurt\/M. hatte Wolfgang Daschner Ende September 2002 angeordnet, dem mutma\u00dflichen Entf\u00fchrer des elfj\u00e4hrigen Jakob von Metzler mit Folter zu drohen, um ihn zur Preisgabe des Verstecks des Jungen zu bewegen. Die Androhung hatte gewirkt; der Entf\u00fchrte war schlie\u00dflich tot gefunden worden. Markus G\u00e4fgen wurde verurteilt (wegen der Folterdrohung ist eine Klage vor dem Europ\u00e4ischen Gerichtshof f\u00fcr Menschenrechte anh\u00e4ngig). Daschner hatte die Folterdrohung in einer Notiz aktenkundig gemacht. Am 20. Dezember 2004 verurteilte ihn das Landgericht Frankfurt wegen N\u00f6tigung im Amt zu einer Geldstrafe von 10.800 Euro auf Bew\u00e4hrung.<a href=\"#_ftn2\" name=\"_ftnref2\">[2]<\/a> W\u00e4hrend des laufenden Verfahrens war Daschner zun\u00e4chst ins Innenministerium versetzt worden. Mit der Ernennung zum Polizeipr\u00e4sidenten hat sich die \u201eFolter-Aff\u00e4re\u201c nicht zu seinem Nachteil entwickelt. Zwar ist er nun in einem Bereich ohne direkten Kontakt mit B\u00fcrgerInnen t\u00e4tig; dass er aber dem Justiziariat vorsteht, in dessen Zust\u00e4ndigkeit Rechts-, Disziplinar- und Beschwerdeangelegenheiten liegen, ist eine besondere Pointe der Bef\u00f6rderung.<\/p>\n<p>(Norbert P\u00fctter)<\/p>\n<h5><a href=\"#_ftnref1\" name=\"_ftn1\">[1]<\/a>\u00a0\u00a0\u00a0\u00a0\u00a0 Hessisches Ministerium des Innern und f\u00fcr Sport: Presseinformation v. 7.3.2006<\/h5>\n<h5><a href=\"#_ftnref2\" name=\"_ftn2\">[2]<\/a>\u00a0\u00a0\u00a0\u00a0 s. B\u00fcrgerrechte &amp; Polizei\/CILIP 80 (1\/2005), S. 69-74 u. 95<\/h5>\n","protected":false},"excerpt":{"rendered":"<p>Zum 1.4.2006 wurde der fr\u00fchere Vizepr\u00e4sident der Frankfurter Polizei zum neuen Pr\u00e4sidenten des Polizeipr\u00e4sidiums f\u00fcr<\/p>\n","protected":false},"author":10,"featured_media":0,"comment_status":"closed","ping_status":"open","sticky":false,"template":"","format":"standard","meta":{"footnotes":""},"categories":[90,146],"tags":[],"class_list":["post-6849","post","type-post","status-publish","format-standard","hentry","category-cilip-084","category-meldungen-inland"],"_links":{"self":[{"href":"https:\/\/wp-dev.daten.cool\/index.php?rest_route=\/wp\/v2\/posts\/6849","targetHints":{"allow":["GET"]}}],"collection":[{"href":"https:\/\/wp-dev.daten.cool\/index.php?rest_route=\/wp\/v2\/posts"}],"about":[{"href":"https:\/\/wp-dev.daten.cool\/index.php?rest_route=\/wp\/v2\/types\/post"}],"author":[{"embeddable":true,"href":"https:\/\/wp-dev.daten.cool\/index.php?rest_route=\/wp\/v2\/users\/10"}],"replies":[{"embeddable":true,"href":"https:\/\/wp-dev.daten.cool\/index.php?rest_route=%2Fwp%2Fv2%2Fcomments&post=6849"}],"version-history":[{"count":0,"href":"https:\/\/wp-dev.daten.cool\/index.php?rest_route=\/wp\/v2\/posts\/6849\/revisions"}],"wp:attachment":[{"href":"https:\/\/wp-dev.daten.cool\/index.php?rest_route=%2Fwp%2Fv2%2Fmedia&parent=6849"}],"wp:term":[{"taxonomy":"category","embeddable":true,"href":"https:\/\/wp-dev.daten.cool\/index.php?rest_route=%2Fwp%2Fv2%2Fcategories&post=6849"},{"taxonomy":"post_tag","embeddable":true,"href":"https:\/\/wp-dev.daten.cool\/index.php?rest_route=%2Fwp%2Fv2%2Ftags&post=6849"}],"curies":[{"name":"wp","href":"https:\/\/api.w.org\/{rel}","templated":true}]}}