{"id":6889,"date":"2005-08-07T00:04:45","date_gmt":"2005-08-07T00:04:45","guid":{"rendered":"https:\/\/www.cilip.de\/?p=6889"},"modified":"2005-08-07T00:04:45","modified_gmt":"2005-08-07T00:04:45","slug":"durchsuchung-und-beschlagnahme-bei-labournet","status":"publish","type":"post","link":"https:\/\/wp-dev.daten.cool\/?p=6889","title":{"rendered":"Durchsuchung und Beschlagnahme bei Labournet"},"content":{"rendered":"<p>Am 5.\u00a0Juli 2005 gegen 6.30 Uhr lie\u00df die Staatsanwaltschaft Bochum die Wohnungen dreier Mitglieder von Redaktion bzw. Vorstand des Labour\u00adnet.de e.V. durchsuchen. S\u00e4mtliche Computer, mehr als 100 Datentr\u00e4ger, der gesamte Schriftverkehr von November 2004 bis Januar 2005 und eine Vielzahl weiterer Unterlagen des Vereins, der das Internetportal LabourNet Germany \u2013 \u201eTreffpunkt f\u00fcr Ungehorsame mit und ohne Job, basisnah, gesellschaftskritisch\u201c \u2013 betreibt, wurden beschlagnahmt.<!--more--><\/p>\n<p>Hintergrund dieser Aktion der Strafverfolgungsbeh\u00f6rden war ein \u201eAnfangsverdacht\u201c gegen den Verein wegen angeblicher Urkundenf\u00e4lschung, nachdem Ende Dezember letzten Jahres in Bochum Flugbl\u00e4tter aufgetaucht sein sollen. In diesen wurde Privathaushalten unter dem Briefkopf der Bundesagentur f\u00fcr Arbeit die M\u00f6glichkeit zur Vermittlung von \u201eEin-Euro-Hauhaltshilfen\u201c offeriert. Der einzige Bezug zu Labournet.de besteht darin, dass ein nachfolgendes Bekennerschreiben eines \u201eKommandos Paul Lafargue\u201c einen Hinweis auf die Homepage und eine Aktion des Vereins enthalten haben soll.<\/p>\n<p>Vergebens reklamierten die Betroffenen in dem Beschwerdeverfahren gegen die Durchsuchungen f\u00fcr ihr Internetportal den Schutz der Pressefreiheit und daraus folgende Beschlagnahmefreiheit. Immerhin konstatierte die zust\u00e4ndige Staatsanw\u00e4ltin sp\u00e4ter, dass die Beschlagnahme s\u00e4mtlicher Computer des Vereins unverh\u00e4ltnism\u00e4\u00dfig sei. Hierdurch wurde der Betrieb des Vereins, der einen t\u00e4glichen Newsletter an ca.\u00a02.000 Personen versendet und monatlich etwa 110.000 Zugriffe auf seine Homepage verzeichnet, \u00fcber mehrere Tage lahmgelegt. Bis zum 11.\u00a0August wurden alle PCs, Datentr\u00e4ger und Unterlagen zwar wieder herausgegeben. Komplette Kopien befinden sich indessen im Besitz der Strafverfolgungsbeh\u00f6rden und werden nun ausgewertet. Die Haltung der Betroffenen, die Begr\u00fcndung f\u00fcr die Durchsuchungsaktion sei fadenscheinig, und ihre Sorge um den Schutz ihrer Informantinnen und Informanten sind mehr als begr\u00fcndet.<\/p>\n<p>(Anja Lederer)<\/p>\n","protected":false},"excerpt":{"rendered":"<p>Am 5.\u00a0Juli 2005 gegen 6.30 Uhr lie\u00df die Staatsanwaltschaft Bochum die Wohnungen dreier Mitglieder von<\/p>\n","protected":false},"author":2,"featured_media":0,"comment_status":"closed","ping_status":"open","sticky":false,"template":"","format":"standard","meta":{"footnotes":""},"categories":[87,146],"tags":[],"class_list":["post-6889","post","type-post","status-publish","format-standard","hentry","category-cilip-081","category-meldungen-inland"],"_links":{"self":[{"href":"https:\/\/wp-dev.daten.cool\/index.php?rest_route=\/wp\/v2\/posts\/6889","targetHints":{"allow":["GET"]}}],"collection":[{"href":"https:\/\/wp-dev.daten.cool\/index.php?rest_route=\/wp\/v2\/posts"}],"about":[{"href":"https:\/\/wp-dev.daten.cool\/index.php?rest_route=\/wp\/v2\/types\/post"}],"author":[{"embeddable":true,"href":"https:\/\/wp-dev.daten.cool\/index.php?rest_route=\/wp\/v2\/users\/2"}],"replies":[{"embeddable":true,"href":"https:\/\/wp-dev.daten.cool\/index.php?rest_route=%2Fwp%2Fv2%2Fcomments&post=6889"}],"version-history":[{"count":0,"href":"https:\/\/wp-dev.daten.cool\/index.php?rest_route=\/wp\/v2\/posts\/6889\/revisions"}],"wp:attachment":[{"href":"https:\/\/wp-dev.daten.cool\/index.php?rest_route=%2Fwp%2Fv2%2Fmedia&parent=6889"}],"wp:term":[{"taxonomy":"category","embeddable":true,"href":"https:\/\/wp-dev.daten.cool\/index.php?rest_route=%2Fwp%2Fv2%2Fcategories&post=6889"},{"taxonomy":"post_tag","embeddable":true,"href":"https:\/\/wp-dev.daten.cool\/index.php?rest_route=%2Fwp%2Fv2%2Ftags&post=6889"}],"curies":[{"name":"wp","href":"https:\/\/api.w.org\/{rel}","templated":true}]}}