{"id":6917,"date":"2005-02-07T00:22:04","date_gmt":"2005-02-07T00:22:04","guid":{"rendered":"https:\/\/www.cilip.de\/?p=6917"},"modified":"2005-02-07T00:22:04","modified_gmt":"2005-02-07T00:22:04","slug":"bfv-aussteigerprogramm-stagniert","status":"publish","type":"post","link":"https:\/\/wp-dev.daten.cool\/?p=6917","title":{"rendered":"BfV-Aussteigerprogramm stagniert"},"content":{"rendered":"<p>\u00dcber das Mitte April 2001 vom Bundesamt f\u00fcr Verfassungsschutz (BfV) initiierte \u201eAussteiger-Kontakttelefon\u201c f\u00fcr Rechtsextremisten haben sich bis Ende letzten Jahres 930 Anrufer gemeldet. 300 waren es allein schon in der ersten Woche; nach elf Monaten z\u00e4hlte das BfV insgesamt 750 Anrufer.<a href=\"#_ftn1\" name=\"_ftnref1\">[1]<\/a> Das Interesse ebbt offenbar stark ab. Von den 930 Anrufern seien nur etwa 220 Personen als \u201epotentiell ausstiegswillig\u201c einzustufen gewesen. <!--more-->Der \u00fcberwiegende Teil der Anrufer setzte sich aus Informationssuchenden, Journalisten, Provozierenden, Angeh\u00f6rigen und Hinweisgebern zusammen oder Personen, die ihre Meinung \u00fcber das Aussteigerprogramm mitteilen wollten. Lediglich 100 ernsthaft Ausstiegswillige wurden \u201ezum Teil intensiv\u201c von Verfassungsschutz-Mitarbei\u00adtern \u201ebetreut\u201c. Bei \u00fcber 30 Personen sei die \u201eBetreuung\u201c jedoch wieder abgebrochen worden, teilweise durch die Betroffenen selbst. In der Warteschleife bleiben die Rechten jedenfalls nicht h\u00e4ngen.<\/p>\n<p>(Martina Kant)<\/p>\n<h5><a href=\"#_ftnref1\" name=\"_ftn1\">[1]<\/a>\u00a0\u00a0\u00a0\u00a0\u00a0 BT-Drs. 14\/8725 v. 4.4.2002; 15\/4957 v. 24.2.2005; S\u00fcddeutsche Zeitung v. 26.4.2001<\/h5>\n","protected":false},"excerpt":{"rendered":"<p>\u00dcber das Mitte April 2001 vom Bundesamt f\u00fcr Verfassungsschutz (BfV) initiierte \u201eAussteiger-Kontakttelefon\u201c f\u00fcr Rechtsextremisten haben<\/p>\n","protected":false},"author":2,"featured_media":0,"comment_status":"closed","ping_status":"open","sticky":false,"template":"","format":"standard","meta":{"footnotes":""},"categories":[86,146],"tags":[],"class_list":["post-6917","post","type-post","status-publish","format-standard","hentry","category-cilip-080","category-meldungen-inland"],"_links":{"self":[{"href":"https:\/\/wp-dev.daten.cool\/index.php?rest_route=\/wp\/v2\/posts\/6917","targetHints":{"allow":["GET"]}}],"collection":[{"href":"https:\/\/wp-dev.daten.cool\/index.php?rest_route=\/wp\/v2\/posts"}],"about":[{"href":"https:\/\/wp-dev.daten.cool\/index.php?rest_route=\/wp\/v2\/types\/post"}],"author":[{"embeddable":true,"href":"https:\/\/wp-dev.daten.cool\/index.php?rest_route=\/wp\/v2\/users\/2"}],"replies":[{"embeddable":true,"href":"https:\/\/wp-dev.daten.cool\/index.php?rest_route=%2Fwp%2Fv2%2Fcomments&post=6917"}],"version-history":[{"count":0,"href":"https:\/\/wp-dev.daten.cool\/index.php?rest_route=\/wp\/v2\/posts\/6917\/revisions"}],"wp:attachment":[{"href":"https:\/\/wp-dev.daten.cool\/index.php?rest_route=%2Fwp%2Fv2%2Fmedia&parent=6917"}],"wp:term":[{"taxonomy":"category","embeddable":true,"href":"https:\/\/wp-dev.daten.cool\/index.php?rest_route=%2Fwp%2Fv2%2Fcategories&post=6917"},{"taxonomy":"post_tag","embeddable":true,"href":"https:\/\/wp-dev.daten.cool\/index.php?rest_route=%2Fwp%2Fv2%2Ftags&post=6917"}],"curies":[{"name":"wp","href":"https:\/\/api.w.org\/{rel}","templated":true}]}}