{"id":7088,"date":"2004-12-04T20:37:30","date_gmt":"2004-12-04T20:37:30","guid":{"rendered":"https:\/\/www.cilip.de\/?p=7088"},"modified":"2004-12-04T20:37:30","modified_gmt":"2004-12-04T20:37:30","slug":"ermittlungen-gegen-sek-beamte-in-koeln","status":"publish","type":"post","link":"https:\/\/wp-dev.daten.cool\/?p=7088","title":{"rendered":"Ermittlungen gegen SEK-Beamte in K\u00f6ln"},"content":{"rendered":"<p>Am 3.\u00a0Februar 2004 wurde in K\u00f6ln ein 32-j\u00e4hriger SEK-Beamter w\u00e4hrend einer \u00dcbung durch einen Oberk\u00f6rperschuss t\u00f6dlich verletzt. Die \u00dcbung fand im Dunkeln statt, der Todessch\u00fctze benutzte als Einziger eine scharfe Waffe. Die Staatsanwaltschaft K\u00f6ln wurde eingeschaltet und ermittelt seitdem wegen des Verdachts der fahrl\u00e4ssigen T\u00f6tung gegen den 38-j\u00e4hrigen SEK-Beamten Rainer B. Ein Gutachter im Ermittlungsverfahren stellte im Juni 2004 einen Versto\u00df gegen die Polizeidienstvorschrift (PDV) 230 fest und belastete dadurch den Polizisten. <!--more-->Laut PDV 230 ist die Trainingssequenz \u201eSchleicher\u201c (im Dunkeln anpirschen und Gegner ausschalten) nicht darauf angelegt, scharfe Munition zu benutzen; der Todessch\u00fctze h\u00e4tte seinem Vorgesetzten das Mitf\u00fchren einer scharfen Waffe mitteilen m\u00fcssen. Er trug die Dienstwaffe im Hosenbund unter dem T-Shirt verborgen. Die Medien berichteten im Juli, es sei wom\u00f6glich absichtlich geschossen worden, der get\u00f6tete Polizist habe Straftaten seiner Kollegen offen legen wollen. Ermittlungen wegen<br \/>\nMordes werden laut Staatsanwalt G\u00fcnther Feld jedoch nicht gef\u00fchrt.<\/p>\n<p>Sieben Beamte des SEK II, dem auch der Get\u00f6tete angeh\u00f6rt hat, wurden im Juli 2004 wegen diverser Delikte, darunter Betrug, Diebstahl, Verst\u00f6\u00dfe gegen das Bet\u00e4ubungsmittelgesetz, K\u00f6rperverletzung und fahrl\u00e4ssige T\u00f6tung, vom Dienst suspendiert; das SEK II wurde aufgel\u00f6st. Die Suspendierung von drei Beamten wurde im September 2004 durch das Verwaltungsgericht K\u00f6ln wieder aufgehoben. Gegen sie wurde im Zusammenhang mit einem Einsatz in Hennef im Sommer 2001 ermittelt, bei dem ein Jagdaufseher unter nicht eindeutig gekl\u00e4rten Umst\u00e4nden durch den Schuss aus dem eigenen Gewehr ums Leben kam. Diesbez\u00fcglich wird weiterhin gegen den fr\u00fcheren Leitenden Polizeidirektor und CDU-Ratskandidaten Winrich Granitzka wegen Strafvereitelung im Amt ermittelt. Zu der Frage, ob und wie diese Ermittlungen mit dem t\u00f6dlichen Schuss auf den SEK-Beamten zusammenh\u00e4ngen, wollte sich die Staatsanwaltschaft K\u00f6ln nicht \u00e4u\u00dfern.<\/p>\n<p>(Marion Knorr)<\/p>\n","protected":false},"excerpt":{"rendered":"<p>Am 3.\u00a0Februar 2004 wurde in K\u00f6ln ein 32-j\u00e4hriger SEK-Beamter w\u00e4hrend einer \u00dcbung durch einen Oberk\u00f6rperschuss<\/p>\n","protected":false},"author":2,"featured_media":0,"comment_status":"closed","ping_status":"open","sticky":false,"template":"","format":"standard","meta":{"footnotes":""},"categories":[85,146],"tags":[],"class_list":["post-7088","post","type-post","status-publish","format-standard","hentry","category-cilip-079","category-meldungen-inland"],"_links":{"self":[{"href":"https:\/\/wp-dev.daten.cool\/index.php?rest_route=\/wp\/v2\/posts\/7088","targetHints":{"allow":["GET"]}}],"collection":[{"href":"https:\/\/wp-dev.daten.cool\/index.php?rest_route=\/wp\/v2\/posts"}],"about":[{"href":"https:\/\/wp-dev.daten.cool\/index.php?rest_route=\/wp\/v2\/types\/post"}],"author":[{"embeddable":true,"href":"https:\/\/wp-dev.daten.cool\/index.php?rest_route=\/wp\/v2\/users\/2"}],"replies":[{"embeddable":true,"href":"https:\/\/wp-dev.daten.cool\/index.php?rest_route=%2Fwp%2Fv2%2Fcomments&post=7088"}],"version-history":[{"count":0,"href":"https:\/\/wp-dev.daten.cool\/index.php?rest_route=\/wp\/v2\/posts\/7088\/revisions"}],"wp:attachment":[{"href":"https:\/\/wp-dev.daten.cool\/index.php?rest_route=%2Fwp%2Fv2%2Fmedia&parent=7088"}],"wp:term":[{"taxonomy":"category","embeddable":true,"href":"https:\/\/wp-dev.daten.cool\/index.php?rest_route=%2Fwp%2Fv2%2Fcategories&post=7088"},{"taxonomy":"post_tag","embeddable":true,"href":"https:\/\/wp-dev.daten.cool\/index.php?rest_route=%2Fwp%2Fv2%2Ftags&post=7088"}],"curies":[{"name":"wp","href":"https:\/\/api.w.org\/{rel}","templated":true}]}}