{"id":7093,"date":"2004-12-04T20:39:47","date_gmt":"2004-12-04T20:39:47","guid":{"rendered":"https:\/\/www.cilip.de\/?p=7093"},"modified":"2004-12-04T20:39:47","modified_gmt":"2004-12-04T20:39:47","slug":"gendarmerie-fuer-auslandseinsaetze","status":"publish","type":"post","link":"https:\/\/wp-dev.daten.cool\/?p=7093","title":{"rendered":"Gendarmerie f\u00fcr Auslandseins\u00e4tze"},"content":{"rendered":"<p>Beim informellen Treffen der EU-Verteidigungsminister in Noordwijk (NL) am 17.\u00a0September 2004 haben f\u00fcnf EU-Staaten die Gr\u00fcndung einer gemeinsamen Polizeitruppe mit milit\u00e4rischem Status verk\u00fcndet. Die European Gendarmerie Force (EGF) soll sich aus Verb\u00e4nden der franz\u00f6sischen Gendarmerie Nationale, der italienischen Carabinieri, der spanischen Guardia Civil, der portugiesischen Guarda Nacional Republicana und der niederl\u00e4ndischen Marechaussee rekrutieren.<!--more--><\/p>\n<p>Die anfangs 800 Mann starke EGF mit Hauptquartier in Vicenza (I) soll durch eine Reserve von 2.300 Personen unterst\u00fctzt werden. Die Truppe, so der niederl\u00e4ndische Verteidigungsminister Henk Kamp, sei \u201ebestens geeignet f\u00fcr Eins\u00e4tze zur Aufrechterhaltung der \u00f6ffentlichen Ordnung w\u00e4hrend oder unmittelbar nach milit\u00e4rischen Operationen\u201c, k\u00f6nne aber auch das gesamte Spektrum normaler Polizeiaufgaben erf\u00fcllen.<a href=\"#_ftn1\" name=\"_ftnref1\">[1]<\/a> Sie \u00fcberbr\u00fccke die \u201eL\u00fccke zwischen milit\u00e4rischen Truppen und zivilen Polizeikr\u00e4ften\u201c bei Auslandsmissionen der EU.<\/p>\n<p>Kamps franz\u00f6sische Kollegin Mich\u00e8le Alliot-Marie, die 2003 die Initiative zum Aufbau der EGF ergriffen hatte, best\u00e4tigte am 19.\u00a0September in einem Interview mit Radio \u201eEurope 1\u201c, dass die Truppe nicht nur f\u00fcr EU-Missionen, sondern auch f\u00fcr solche der OSZE oder der UN bereit stehe. \u201eWir haben mehrere Gendarmerie-Einheiten an der Elfenbeink\u00fcste, das ist das Modell, das auch in anderen Situationen nutzbar ist.\u201c<\/p>\n<p>Die f\u00fcnf Staaten haben seit l\u00e4ngerem \u201erobuste Polizeieinheiten\u201c f\u00fcr Auslandseins\u00e4tze gefordert. Sie arbeiten seit 1994 in der F\u00e9d\u00e9ration des Institutions Europ\u00e9ens de Police (FIEP) zusammen, der mittlerweile auch die t\u00fcrkische, die marokkanische und die rum\u00e4nische Gendarmerie angeh\u00f6ren. Eine Teilnahme des deutschen Bundesgrenzschutzes an der EGF ist derzeit ausgeschlossen.<\/p>\n<p>(Heiner Busch)<\/p>\n<h5><a href=\"#_ftnref1\" name=\"_ftn1\">[1]<\/a>\u00a0\u00a0\u00a0\u00a0\u00a0 www.europa-web.de\/europa\/03euinf\/10counc\/egfdecl.htm<\/h5>\n","protected":false},"excerpt":{"rendered":"<p>Beim informellen Treffen der EU-Verteidigungsminister in Noordwijk (NL) am 17.\u00a0September 2004 haben f\u00fcnf EU-Staaten die<\/p>\n","protected":false},"author":9,"featured_media":0,"comment_status":"closed","ping_status":"open","sticky":false,"template":"","format":"standard","meta":{"footnotes":""},"categories":[85,145],"tags":[],"class_list":["post-7093","post","type-post","status-publish","format-standard","hentry","category-cilip-079","category-meldungen-europa"],"_links":{"self":[{"href":"https:\/\/wp-dev.daten.cool\/index.php?rest_route=\/wp\/v2\/posts\/7093","targetHints":{"allow":["GET"]}}],"collection":[{"href":"https:\/\/wp-dev.daten.cool\/index.php?rest_route=\/wp\/v2\/posts"}],"about":[{"href":"https:\/\/wp-dev.daten.cool\/index.php?rest_route=\/wp\/v2\/types\/post"}],"author":[{"embeddable":true,"href":"https:\/\/wp-dev.daten.cool\/index.php?rest_route=\/wp\/v2\/users\/9"}],"replies":[{"embeddable":true,"href":"https:\/\/wp-dev.daten.cool\/index.php?rest_route=%2Fwp%2Fv2%2Fcomments&post=7093"}],"version-history":[{"count":0,"href":"https:\/\/wp-dev.daten.cool\/index.php?rest_route=\/wp\/v2\/posts\/7093\/revisions"}],"wp:attachment":[{"href":"https:\/\/wp-dev.daten.cool\/index.php?rest_route=%2Fwp%2Fv2%2Fmedia&parent=7093"}],"wp:term":[{"taxonomy":"category","embeddable":true,"href":"https:\/\/wp-dev.daten.cool\/index.php?rest_route=%2Fwp%2Fv2%2Fcategories&post=7093"},{"taxonomy":"post_tag","embeddable":true,"href":"https:\/\/wp-dev.daten.cool\/index.php?rest_route=%2Fwp%2Fv2%2Ftags&post=7093"}],"curies":[{"name":"wp","href":"https:\/\/api.w.org\/{rel}","templated":true}]}}