{"id":7095,"date":"2004-12-04T20:40:52","date_gmt":"2004-12-04T20:40:52","guid":{"rendered":"https:\/\/www.cilip.de\/?p=7095"},"modified":"2004-12-04T20:40:52","modified_gmt":"2004-12-04T20:40:52","slug":"biometrische-paesse","status":"publish","type":"post","link":"https:\/\/wp-dev.daten.cool\/?p=7095","title":{"rendered":"Biometrische P\u00e4sse"},"content":{"rendered":"<p>Am 13.\u00a0Dezember 2004 hat der Rat die Verordnung \u201e\u00fcber Normen f\u00fcr Sicherheitsmerkmale und biometrische Daten in den von den Mitgliedstaaten ausgestellten P\u00e4ssen und Reisedokumenten\u201c ohne weitere Diskussion angenommen.<a href=\"#_ftn1\" name=\"_ftnref1\">[1]<\/a> Der Pass soll auf einem Funkchip zwei biometrische Merkmale beinhalten: ein digitalisiertes Foto des Gesichts und Fingerabdr\u00fccke. Anders als in fr\u00fcheren Entw\u00fcrfen der Verordnung vorgesehen, sind beide Merkmale obligatorisch.<!--more--><\/p>\n<p>Die wesentlichen Entscheidungen hatten die Innen- und Justizminister schon im Oktober getroffen. Der Rat wartete nur noch auf die Stellungnahme des Europ\u00e4ischen Parlamentes (EP), die allerdings nur eine Formsache ist, denn das EP wird in der Innen- und Justizpolitik nach wie vor nur konsultiert. Im vorliegenden Falle gab es sich mit einer nicht mehr aktuellen Fassung des Verordnungsentwurfs zufrieden. Grunds\u00e4tzlich hat es der Aufnahme von biometrischen Daten in die EU-P\u00e4sse ohnehin zugestimmt.<a href=\"#_ftn2\" name=\"_ftnref2\">[2]<\/a><\/p>\n<p>Bereits im Februar soll die in Art.\u00a05 der Verordnung vorgesehene Arbeitsgruppe zusammentreten, die die technischen Spezifikationen ausarbeitet. Noch im Fr\u00fchjahr soll die Gruppe ihre Arbeiten abschlie\u00dfen. Ab Dezember 2006 sind die Mitgliedstaaten verpflichtet, neue<br \/>\nP\u00e4sse mit digitalisierten Fotos abzugeben, f\u00fcr die Aufnahme von Fingerabdr\u00fccken haben sie eine Frist bis Mitte 2008.<\/p>\n<p>Offen bleibt in der Verordnung, ob diese Daten auch in einer<br \/>\nentsprechenden umfassenden Referenzdatei erfasst oder nur im Pass enthalten sein sollen. Eine solche Datenbank w\u00fcrde die Herstellung der P\u00e4sse billiger und einfacher machen, impliziert aber, dass die ganze<br \/>\nBev\u00f6lkerung erfasst wird. Sofern der Rat hierzu keine weitere Entscheidung trifft, bleibt diese Frage den Mitgliedstaaten \u00fcberlassen.<\/p>\n<p>Die Verordnung selbst hingegen ist verbindlich. Eine weitere \u00c4nderung des Passgesetzes, wie dies in Deutschland durch das Terrorismusbek\u00e4mpfungsgesetz vom Januar 2002 vorgesehen war, wird es nicht geben.<\/p>\n<h5>(Heiner Busch)<\/h5>\n<h5><a href=\"#_ftnref1\" name=\"_ftn1\">[1]<\/a>\u00a0\u00a0\u00a0\u00a0\u00a0 Ratsdok.\u00a015152\/04 v.\u00a010.12.2004<\/h5>\n<h5><a href=\"#_ftnref2\" name=\"_ftn2\">[2]<\/a>\u00a0\u00a0\u00a0\u00a0 EP, angenommene Texte: P6_TA-PROV (2004) 0073 v.\u00a02.122004; siehe auch den Bericht des Ausschusses f\u00fcr b\u00fcrgerliche Freiheiten: A6-0028\/2004<\/h5>\n","protected":false},"excerpt":{"rendered":"<p>Am 13.\u00a0Dezember 2004 hat der Rat die Verordnung \u201e\u00fcber Normen f\u00fcr Sicherheitsmerkmale und biometrische Daten<\/p>\n","protected":false},"author":9,"featured_media":0,"comment_status":"closed","ping_status":"open","sticky":false,"template":"","format":"standard","meta":{"footnotes":""},"categories":[85,145],"tags":[],"class_list":["post-7095","post","type-post","status-publish","format-standard","hentry","category-cilip-079","category-meldungen-europa"],"_links":{"self":[{"href":"https:\/\/wp-dev.daten.cool\/index.php?rest_route=\/wp\/v2\/posts\/7095","targetHints":{"allow":["GET"]}}],"collection":[{"href":"https:\/\/wp-dev.daten.cool\/index.php?rest_route=\/wp\/v2\/posts"}],"about":[{"href":"https:\/\/wp-dev.daten.cool\/index.php?rest_route=\/wp\/v2\/types\/post"}],"author":[{"embeddable":true,"href":"https:\/\/wp-dev.daten.cool\/index.php?rest_route=\/wp\/v2\/users\/9"}],"replies":[{"embeddable":true,"href":"https:\/\/wp-dev.daten.cool\/index.php?rest_route=%2Fwp%2Fv2%2Fcomments&post=7095"}],"version-history":[{"count":0,"href":"https:\/\/wp-dev.daten.cool\/index.php?rest_route=\/wp\/v2\/posts\/7095\/revisions"}],"wp:attachment":[{"href":"https:\/\/wp-dev.daten.cool\/index.php?rest_route=%2Fwp%2Fv2%2Fmedia&parent=7095"}],"wp:term":[{"taxonomy":"category","embeddable":true,"href":"https:\/\/wp-dev.daten.cool\/index.php?rest_route=%2Fwp%2Fv2%2Fcategories&post=7095"},{"taxonomy":"post_tag","embeddable":true,"href":"https:\/\/wp-dev.daten.cool\/index.php?rest_route=%2Fwp%2Fv2%2Ftags&post=7095"}],"curies":[{"name":"wp","href":"https:\/\/api.w.org\/{rel}","templated":true}]}}