{"id":7114,"date":"2003-12-03T20:50:15","date_gmt":"2003-12-03T20:50:15","guid":{"rendered":"https:\/\/www.cilip.de\/?p=7114"},"modified":"2003-12-03T20:50:15","modified_gmt":"2003-12-03T20:50:15","slug":"lauschangriffe-2002","status":"publish","type":"post","link":"https:\/\/wp-dev.daten.cool\/?p=7114","title":{"rendered":"Lauschangriffe 2002"},"content":{"rendered":"<p>Ende August 2003 erstattete die Bundesregierung ihren Bericht \u00fcber die akustische Wohnraum\u00fcberwachung.<a href=\"#_ftn1\" name=\"_ftnref1\">[1]<\/a> Danach griffen die Strafverfolg\u00adungsbeh\u00f6rden im Jahr 2002 in insgesamt 30 Verfahren zum Mittel des gro\u00dfen Lauschangriffs nach \u00a7 100c Abs.\u00a01 Nr.\u00a03 StPO. Die Ma\u00dfnahmen richteten sich gegen 33 Wohnungen, die zwischen null und 82 Tagen \u00fcberwacht wurden (durchschnittliche Dauer 24 Tage). Betroffen waren 97 Personen (davon 14 Nichtbeschuldigte). In zehn Verfahren waren die Betroffenen zum Zeitpunkt des Berichts wegen andauernder Ermittlungen noch nicht benachrichtigt. <!--more-->Bayern f\u00fchrt die Statistik mit sieben F\u00e4llen und 18 Betroffenen an. Zehn weitere L\u00e4nder setzten den gro\u00dfen Lauschangriff in jeweils zwischen einem und drei Verfahren ein. Hinzu kommen zwei Verfahren, die der Generalbundesanwalt f\u00fchrte. Lauschangriffe zur Gefahrenabwehr betrieben die Bundespolizeien nicht.<\/p>\n<p>Die wichtigsten Anlassstraftaten waren wie im Jahr zuvor Mord\/ Totschlag\/V\u00f6lkermord und Bet\u00e4ubungsmitteldelikte (jeweils neun Nennungen). In sieben F\u00e4llen gingen die StrafverfolgerInnen von kriminellen oder terroristischen Vereinigungen aus. In 17 Verfahren sahen sie eine \u201eOK-Relevanz\u201c gegeben. In zw\u00f6lf der 30 F\u00e4lle f\u00fchrte die \u00dcberwachung nicht zu verfahrensrelevanten Ergebnissen. In zehn Verfahren waren daf\u00fcr \u201einhaltliche Gr\u00fcnde\u201c ausschlaggebend. Die Kosten berechnen die Justizverwaltungen offenbar nach wie vor anhand unterschiedlicher Kriterien: Hamburg berechnete f\u00fcr eine 71-t\u00e4gige \u00dcberwachung 1.000 Euro, Bayern f\u00fcr eine zweit\u00e4gige dagegen 6.650 Euro. Die Kosten pendeln zwischen 1 und 300 Euro pro Ma\u00dfnahmetag, die Angaben sind deshalb ohne eine genauere Aufschl\u00fcsselung wertlos. Insgesamt vermittelt der Bericht allenfalls einen vagen Eindruck von der Praxis der Beh\u00f6rden. F\u00fcr eine ernsthafte parlamentarische Kontrolle ist er unbrauchbar.<\/p>\n<p>(Stephan Stolle)<\/p>\n<h5><a href=\"#_ftnref1\" name=\"_ftn1\">[1]<\/a>\u00a0\u00a0\u00a0\u00a0\u00a0 BT-Drs. 15\/1504 v. 28.8.2003<\/h5>\n","protected":false},"excerpt":{"rendered":"<p>Ende August 2003 erstattete die Bundesregierung ihren Bericht \u00fcber die akustische Wohnraum\u00fcberwachung.[1] Danach griffen die<\/p>\n","protected":false},"author":2,"featured_media":0,"comment_status":"closed","ping_status":"open","sticky":false,"template":"","format":"standard","meta":{"footnotes":""},"categories":[82,146],"tags":[],"class_list":["post-7114","post","type-post","status-publish","format-standard","hentry","category-cilip-076","category-meldungen-inland"],"_links":{"self":[{"href":"https:\/\/wp-dev.daten.cool\/index.php?rest_route=\/wp\/v2\/posts\/7114","targetHints":{"allow":["GET"]}}],"collection":[{"href":"https:\/\/wp-dev.daten.cool\/index.php?rest_route=\/wp\/v2\/posts"}],"about":[{"href":"https:\/\/wp-dev.daten.cool\/index.php?rest_route=\/wp\/v2\/types\/post"}],"author":[{"embeddable":true,"href":"https:\/\/wp-dev.daten.cool\/index.php?rest_route=\/wp\/v2\/users\/2"}],"replies":[{"embeddable":true,"href":"https:\/\/wp-dev.daten.cool\/index.php?rest_route=%2Fwp%2Fv2%2Fcomments&post=7114"}],"version-history":[{"count":0,"href":"https:\/\/wp-dev.daten.cool\/index.php?rest_route=\/wp\/v2\/posts\/7114\/revisions"}],"wp:attachment":[{"href":"https:\/\/wp-dev.daten.cool\/index.php?rest_route=%2Fwp%2Fv2%2Fmedia&parent=7114"}],"wp:term":[{"taxonomy":"category","embeddable":true,"href":"https:\/\/wp-dev.daten.cool\/index.php?rest_route=%2Fwp%2Fv2%2Fcategories&post=7114"},{"taxonomy":"post_tag","embeddable":true,"href":"https:\/\/wp-dev.daten.cool\/index.php?rest_route=%2Fwp%2Fv2%2Ftags&post=7114"}],"curies":[{"name":"wp","href":"https:\/\/api.w.org\/{rel}","templated":true}]}}