{"id":7116,"date":"2003-12-03T20:50:55","date_gmt":"2003-12-03T20:50:55","guid":{"rendered":"https:\/\/www.cilip.de\/?p=7116"},"modified":"2003-12-03T20:50:55","modified_gmt":"2003-12-03T20:50:55","slug":"erlass-in-niedersachsen-zwingt-schulen-zur-anzeige","status":"publish","type":"post","link":"https:\/\/wp-dev.daten.cool\/?p=7116","title":{"rendered":"Erlass in Niedersachsen zwingt Schulen zur Anzeige"},"content":{"rendered":"<p>Das Nieders\u00e4chsische Kultusministerium hat in Zusammenarbeit mit dem Innen- und dem Justizministerium einen Runderlass herausgegeben, demzufolge die Schulleitungen verpflichtet sind, die Polizei zu informieren, sobald sie Kenntnis von einer Straftat an ihrer Schule erhalten.<a href=\"#_ftn1\" name=\"_ftnref1\">[1]<\/a> Polizei und Staatsanwaltschaft sind ihrerseits verpflichtet, den Schulen Daten delinquenter Sch\u00fclerInnen zu vermitteln. Gemeldet werden sollen u.a. Straftaten gegen das Leben, Raubdelikte, gef\u00e4hrliche K\u00f6rperverletzungen oder andere Gewaltdelikte sowie Bedrohung, Beleidigung (z.B. Sexualbeleidigung), Sachbesch\u00e4digung (z.B. Graffiti), N\u00f6tigung oder der Umgang mit Bet\u00e4ubungsmitteln. Auch Bagatelldelikte, die sonst die Schule selbst regelte, werden so zu Straftaten.<!--more--><\/p>\n<p>Die MinisterInnen begr\u00fcnden ihren Erlass mit einer Messerstecherei in einer hannoveranischen Realschule Ende August, bei der ein 15-J\u00e4hriger durch einen Mitsch\u00fcler lebensgef\u00e4hrlich verletzt wurde. \u201eSchule, Polizei und Staatsanwaltschaft haben &#8230; das gemeinsame Ziel, die Sicherheit der Sch\u00fclerinnen und Sch\u00fcler beim Schulbesuch zu gew\u00e4hrleisten und Straftaten im Lebensraum Schule &#8230; und &#8230; au\u00dferhalb der Schule zu verh\u00fcten\u201c, so hei\u00dft es im Erlass.<\/p>\n<p>Die Gewerkschaft Erziehung und Wissenschaft (GEW) lehnte in einer Erkl\u00e4rung vom 3.12.2003 den Erlass ab und kritisiert die \u201eDemonstration von staatlicher Gewalt\u201c anstelle des Primats von Pr\u00e4vention.<a href=\"#_ftn2\" name=\"_ftnref2\">[2]<\/a> In der Tat: Wie sollen Sch\u00fclerInnen Vertrauen erlangen, wenn ihre LehrerInnen sie jederzeit \u00f6ffentlich denunzieren m\u00fcssen und somit zu Handlangern von Polizei und Justiz werden? Die Kriminalisierung von Sch\u00fclerInnen wird zu einer Zunahme der statistischen Delinquenz, nicht aber zu einer Abnahme begangener Straftaten f\u00fchren. Das nieders\u00e4chsische Kultusministerium, so beklagte die GEW bereits am 19.8.2003, hat die Stellen f\u00fcr Sozialp\u00e4dagogInnen an Hauptschulen gestrichen und die Gelder f\u00fcr LehrerInnenfortbildungen gek\u00fcrzt.<\/p>\n<p>(Marion Knorr)<\/p>\n<h5><a href=\"#_ftnref1\" name=\"_ftn1\">[1]<\/a>\u00a0\u00a0\u00a0\u00a0\u00a0 Gem.\u00a0RdErl. des MK (201-51 661), des MI (23-51603\/4-1) und des MJ (4210 \u2013 S 3.202) v. 30.9.2003<\/h5>\n<h5><a href=\"#_ftnref2\" name=\"_ftn2\">[2]<\/a>\u00a0\u00a0\u00a0\u00a0 www.gew-nds.de\/Aktuell\/aktuell.html<\/h5>\n","protected":false},"excerpt":{"rendered":"<p>Das Nieders\u00e4chsische Kultusministerium hat in Zusammenarbeit mit dem Innen- und dem Justizministerium einen Runderlass herausgegeben,<\/p>\n","protected":false},"author":2,"featured_media":0,"comment_status":"closed","ping_status":"open","sticky":false,"template":"","format":"standard","meta":{"footnotes":""},"categories":[82,146],"tags":[],"class_list":["post-7116","post","type-post","status-publish","format-standard","hentry","category-cilip-076","category-meldungen-inland"],"_links":{"self":[{"href":"https:\/\/wp-dev.daten.cool\/index.php?rest_route=\/wp\/v2\/posts\/7116","targetHints":{"allow":["GET"]}}],"collection":[{"href":"https:\/\/wp-dev.daten.cool\/index.php?rest_route=\/wp\/v2\/posts"}],"about":[{"href":"https:\/\/wp-dev.daten.cool\/index.php?rest_route=\/wp\/v2\/types\/post"}],"author":[{"embeddable":true,"href":"https:\/\/wp-dev.daten.cool\/index.php?rest_route=\/wp\/v2\/users\/2"}],"replies":[{"embeddable":true,"href":"https:\/\/wp-dev.daten.cool\/index.php?rest_route=%2Fwp%2Fv2%2Fcomments&post=7116"}],"version-history":[{"count":0,"href":"https:\/\/wp-dev.daten.cool\/index.php?rest_route=\/wp\/v2\/posts\/7116\/revisions"}],"wp:attachment":[{"href":"https:\/\/wp-dev.daten.cool\/index.php?rest_route=%2Fwp%2Fv2%2Fmedia&parent=7116"}],"wp:term":[{"taxonomy":"category","embeddable":true,"href":"https:\/\/wp-dev.daten.cool\/index.php?rest_route=%2Fwp%2Fv2%2Fcategories&post=7116"},{"taxonomy":"post_tag","embeddable":true,"href":"https:\/\/wp-dev.daten.cool\/index.php?rest_route=%2Fwp%2Fv2%2Ftags&post=7116"}],"curies":[{"name":"wp","href":"https:\/\/api.w.org\/{rel}","templated":true}]}}