{"id":7137,"date":"2004-08-04T21:01:03","date_gmt":"2004-08-04T21:01:03","guid":{"rendered":"https:\/\/www.cilip.de\/?p=7137"},"modified":"2004-08-04T21:01:03","modified_gmt":"2004-08-04T21:01:03","slug":"mediterrane-triangel","status":"publish","type":"post","link":"https:\/\/wp-dev.daten.cool\/?p=7137","title":{"rendered":"Mediterrane Triangel"},"content":{"rendered":"<p>Von einer \u201eVerminderung oder gar der Abwesenheit\u201c einer Bedrohung durch das \u201eInternationale Islamische Netzwerk\u201c auszugehen, davor warnte Europol in seinem j\u00fcngst ver\u00f6f\u00adfentlichten Bericht zur Lage und Entwicklung des Terrorismus in der EU (TE-SAT). Der Report wurde noch vor dem Anschlag in Madrid ver\u00f6ffentlicht und umfasst den Zeitraum von Oktober 2002 bis Oktober 2003.<a href=\"#_ftn1\" name=\"_ftnref1\">[1]<\/a> Die Haager Polizeibeh\u00f6rde vers\u00e4umte es nicht, deutlich darauf hinzuweisen, warum es im Berichtszeitraum noch zu keinem Anschlag in Europa gekommen war: \u201eOhne jeglichen Zweifel\u201c sei dies die \u201edirekte Konsequenz\u201c aus der \u201eArbeit der Sicherheitsdienste\u201c, die zahlreiche Unterst\u00fctzer und potenzielle Terrorzellen \u201eunbrauchbar gemacht\u201c h\u00e4tten.<!--more--><\/p>\n<p>Neben dem \u201einternationalen Terrorismus\u201c besch\u00e4ftigt sich Europol ausf\u00fchrlich mit dem \u201eseparatistischen Terrorismus\u201c im Baskenland, in Nordirland und auf Korsika, dem \u201elinken Terrorismus\u201c und einer von ihm ausgemachten \u201eterroristischen anarchistischen Bewegung\u201c. Insgesamt liest sich der Terrorismus-Report in diesem Teil wie ein \u201eExtremismus\u201c-Bericht. Vor allem auf Betreiben der italienischen und der spanischen Regierung sind darin die militanten Teile der globalisierungskritischen Bewegung aus Italien, Griechenland und Spanien ins Visier genommen. Sie bildeten ein \u201eso genanntes anarchistisches Mittelmeer-Dreieck\u201c, das sich als \u201eBlack Block\u201c gewaltt\u00e4tig an Demonstrationen der Anti-Globalisierungsbewegung beteilige. Das \u201eterroristische\u201c Lagebild Europols gipfelt in der Warnung, diese Gruppen k\u00f6nnten sich \u201evom anarchistischen Aktivismus und Extremismus hin zum anarchistischen Terrorismus\u201c entwickeln. Die Aufnahme legaler politischer Gruppen in den Europol-Bericht ist in der Terrorismus-Definition der EU angelegt. Diese ist so weit gefasst, dass damit auch Formen des sozialen Protests mit Terrorismus in Verbindung gebracht werden k\u00f6nnen.<\/p>\n<p>Diese Aufweichung des Terrorismus-Begriffs spiegelt sich auch in der aktuellen vom Rat herausgegebenen Liste \u201eterroristischer Organisationen und Personen\u201c wieder.<a href=\"#_ftn2\" name=\"_ftnref2\">[2]<\/a> Neu aufgenommen sind zehn militante Gruppen aus Italien, darunter die Nuclei Territoriali Antiimperialisti, die f\u00fcr Angriffe auf US-Milit\u00e4rfahrzeuge verantwortlich gemacht werden. Bei den nicht-europ\u00e4ischen Organisationen sind neu die kolumbianische ELN und die pal\u00e4stinensische Hamas. Bisher war nur deren milit\u00e4rischer Arm verzeichnet. Bei den aufgef\u00fchrten Personen reduzierte sich die Gesamtzahl durch die Festnahme von sieben BaskInnen auf 45. Mit 19 Personen sind BaskInnen als einzige EU-B\u00fcrgerInnen auf der Liste vertreten.<\/p>\n<p>(Martin Beck)<\/p>\n<h5><a href=\"#_ftnref1\" name=\"_ftn1\">[1]<\/a>\u00a0\u00a0\u00a0\u00a0\u00a0 EUROPOL: Terrorist Activity in the European Union: Situation and trends report (TE-SAT). October 2002-15 October 2003, Den Haag, 3.12.2003<\/h5>\n<h5><a href=\"#_ftnref2\" name=\"_ftn2\">[2]<\/a>\u00a0\u00a0\u00a0\u00a0 Amtsblatt der Europ\u00e4ischen Gemeinschaften L 196 v. 3.6.2004, S. 12-16<\/h5>\n","protected":false},"excerpt":{"rendered":"<p>Von einer \u201eVerminderung oder gar der Abwesenheit\u201c einer Bedrohung durch das \u201eInternationale Islamische Netzwerk\u201c auszugehen,<\/p>\n","protected":false},"author":2,"featured_media":0,"comment_status":"closed","ping_status":"open","sticky":false,"template":"","format":"standard","meta":{"footnotes":""},"categories":[84,145],"tags":[],"class_list":["post-7137","post","type-post","status-publish","format-standard","hentry","category-cilip-078","category-meldungen-europa"],"_links":{"self":[{"href":"https:\/\/wp-dev.daten.cool\/index.php?rest_route=\/wp\/v2\/posts\/7137","targetHints":{"allow":["GET"]}}],"collection":[{"href":"https:\/\/wp-dev.daten.cool\/index.php?rest_route=\/wp\/v2\/posts"}],"about":[{"href":"https:\/\/wp-dev.daten.cool\/index.php?rest_route=\/wp\/v2\/types\/post"}],"author":[{"embeddable":true,"href":"https:\/\/wp-dev.daten.cool\/index.php?rest_route=\/wp\/v2\/users\/2"}],"replies":[{"embeddable":true,"href":"https:\/\/wp-dev.daten.cool\/index.php?rest_route=%2Fwp%2Fv2%2Fcomments&post=7137"}],"version-history":[{"count":0,"href":"https:\/\/wp-dev.daten.cool\/index.php?rest_route=\/wp\/v2\/posts\/7137\/revisions"}],"wp:attachment":[{"href":"https:\/\/wp-dev.daten.cool\/index.php?rest_route=%2Fwp%2Fv2%2Fmedia&parent=7137"}],"wp:term":[{"taxonomy":"category","embeddable":true,"href":"https:\/\/wp-dev.daten.cool\/index.php?rest_route=%2Fwp%2Fv2%2Fcategories&post=7137"},{"taxonomy":"post_tag","embeddable":true,"href":"https:\/\/wp-dev.daten.cool\/index.php?rest_route=%2Fwp%2Fv2%2Ftags&post=7137"}],"curies":[{"name":"wp","href":"https:\/\/api.w.org\/{rel}","templated":true}]}}