{"id":7156,"date":"2003-02-03T21:13:01","date_gmt":"2003-02-03T21:13:01","guid":{"rendered":"https:\/\/www.cilip.de\/?p=7156"},"modified":"2003-02-03T21:13:01","modified_gmt":"2003-02-03T21:13:01","slug":"aus-fuer-ueberwachungsstatistik","status":"publish","type":"post","link":"https:\/\/wp-dev.daten.cool\/?p=7156","title":{"rendered":"Aus f\u00fcr \u00dcberwachungsstatistik?"},"content":{"rendered":"<p>Seit dem 20. Februar 2003 kursiert ein Arbeitspapier des Bundesministeriums f\u00fcr Wirtschaft und Arbeit (BMWA), das Grundlage ist f\u00fcr den im April erwarteten Referentenentwurf eines neuen Telekommunikationsgesetzes (TKG). Interessant ist vor allem, was darin nicht mehr vorkommen soll: Bisher verpflichtete das TKG die TK-Firmen nicht nur, die Abh\u00f6ranordnungen der Justiz umzusetzen, sondern in \u00a7 88 Abs. 5 auch die Zahlen der \u00fcberwachten Anschl\u00fcsse an die Regulierungsbeh\u00f6rde (RegTP) zu melden. Letztere Bestimmung soll nun entfallen. Eine Begr\u00fcndung daf\u00fcr findet sich im Arbeitsentwurf selbst nicht. Auf dem Workshop der Vereinigung der Anbieter von Telekommunikations- und Mehrwertdiensten (VATM) am 12.2.2003 in Bonn lie\u00df das BMWA jedoch verlauten, die Streichung des \u00a7 88 Abs. 5 solle die Firmen von Arbeit und damit von Kosten entlasten &#8211; ein vorgeschobenes Argument, denn die TK-Firmen haben mit dem Z\u00e4hlen kein Problem. &#8222;Das \u00fcberlassen wir geeigneter Software&#8220;, so Ulrike St\u00f6ckle von WEB.DE.<!--more--><\/p>\n<p>Probleme mit Zahlen haben allerdings die Beh\u00f6rden. &#8222;Das Material der Regulierungsbeh\u00f6rde lud zu allen m\u00f6glichen Zahlenspielen und unsystematischen Spekulationen \u00fcber Telekommunikations\u00fcberwachung ein, die mit der Realit\u00e4t nichts zu tun hatten&#8220;, beschwert sich Amtsrat J\u00fcrgen Ullrich vom BMWA; und der Chef der TK-Abteilung des Ministeriums Horst Ehrnsperger verweist auf die Justizverwaltungen, die ihre eigene Statistik erstellen. Gez\u00e4hlt werden darin die Ermittlungsverfahren, in denen es zu TK-\u00dcberwachungen kommt. Die RegTP pr\u00e4sentiert demgegen\u00fcber aufgrund der Meldungen der Anbieterfirmen eine Statistik der \u00fcberwachten Anschl\u00fcsse und kommt dadurch immer auf erheblich h\u00f6here Zahlen. Mit diesen unangenehm hohen Zahlen soll nun Schluss sein; wenn der Entwurf so verabschiedet wird, d\u00fcrfte die kritische Berichterstattung zur TK-\u00dcberwachung massiv erschwert werden.<\/p>\n<p>(Stephan Stolle)<\/p>\n","protected":false},"excerpt":{"rendered":"<p>Seit dem 20. Februar 2003 kursiert ein Arbeitspapier des Bundesministeriums f\u00fcr Wirtschaft und Arbeit (BMWA),<\/p>\n","protected":false},"author":2,"featured_media":0,"comment_status":"closed","ping_status":"open","sticky":false,"template":"","format":"standard","meta":{"footnotes":""},"categories":[80,146],"tags":[],"class_list":["post-7156","post","type-post","status-publish","format-standard","hentry","category-cilip-074","category-meldungen-inland"],"_links":{"self":[{"href":"https:\/\/wp-dev.daten.cool\/index.php?rest_route=\/wp\/v2\/posts\/7156","targetHints":{"allow":["GET"]}}],"collection":[{"href":"https:\/\/wp-dev.daten.cool\/index.php?rest_route=\/wp\/v2\/posts"}],"about":[{"href":"https:\/\/wp-dev.daten.cool\/index.php?rest_route=\/wp\/v2\/types\/post"}],"author":[{"embeddable":true,"href":"https:\/\/wp-dev.daten.cool\/index.php?rest_route=\/wp\/v2\/users\/2"}],"replies":[{"embeddable":true,"href":"https:\/\/wp-dev.daten.cool\/index.php?rest_route=%2Fwp%2Fv2%2Fcomments&post=7156"}],"version-history":[{"count":0,"href":"https:\/\/wp-dev.daten.cool\/index.php?rest_route=\/wp\/v2\/posts\/7156\/revisions"}],"wp:attachment":[{"href":"https:\/\/wp-dev.daten.cool\/index.php?rest_route=%2Fwp%2Fv2%2Fmedia&parent=7156"}],"wp:term":[{"taxonomy":"category","embeddable":true,"href":"https:\/\/wp-dev.daten.cool\/index.php?rest_route=%2Fwp%2Fv2%2Fcategories&post=7156"},{"taxonomy":"post_tag","embeddable":true,"href":"https:\/\/wp-dev.daten.cool\/index.php?rest_route=%2Fwp%2Fv2%2Ftags&post=7156"}],"curies":[{"name":"wp","href":"https:\/\/api.w.org\/{rel}","templated":true}]}}