{"id":7158,"date":"2003-02-03T21:14:21","date_gmt":"2003-02-03T21:14:21","guid":{"rendered":"https:\/\/www.cilip.de\/?p=7158"},"modified":"2003-02-03T21:14:21","modified_gmt":"2003-02-03T21:14:21","slug":"bverfg-zur-telefonueberwachung-von-journalistinnen","status":"publish","type":"post","link":"https:\/\/wp-dev.daten.cool\/?p=7158","title":{"rendered":"BVerfG zur Telefon\u00fcberwachung von JournalistInnen"},"content":{"rendered":"<p>Am 12. M\u00e4rz 2003 verwarf das Bundesverfassungsgericht (BVerfG) zwei Verfassungsbeschwerden von JournalistInnen.\u00a0Edith Kohn vom &#8222;Stern&#8220; und die beiden ZDF-RedakteurInnen Beate Thorn und Udo Frank hatten unabh\u00e4ngig voneinander gegen die \u00dcberwachung ihrer Telefonanschl\u00fcsse in den Jahren 1995 bzw. 1998 geklagt. In beiden F\u00e4llen war es nicht um den Inhalt der gef\u00fchrten Gespr\u00e4che, sondern um eine &#8222;Zielwahlsuche&#8220; genannte Sonderform der Rasterfahndung gegangen. Dabei wird die Gesamtheit der in und nach Deutschland abgewickelten Anrufe (ca. 220 Mio. Datens\u00e4tze) mit fixen Anschlussnummern (hier diejenigen der JournalistInnen) abgeglichen.<!--more--><\/p>\n<p>Beide Male waren die Medienschaffenden nicht als Beschuldigte, sondern als &#8222;Nachrichtenmittler&#8220; \u00fcberwacht worden. Ins Visier der ErmittlerInnen waren sie geraten, weil angenommen wurde, dass sie mit den Beschuldigten in Kontakt st\u00fcnden. Kohn hatte jahrelang \u00fcber das Ex-Mitglied der &#8222;Bewegung 2. Juni&#8220; Hans-Joachim Klein berichtet, dem die Staatsanwaltschaft dreifachen Mord w\u00e4hrend des \u00dcberfalles auf die OPEC-Konferenz 1975 vorwarf. Die \u00dcberwachungsaktion f\u00fchrte zu seiner Festnahme in der Normandie am 8.9.1998. Klein stand damals kurz davor, sich den Beh\u00f6rden zu stellen. Thorn und Frank hatten im ZDF-Magazin &#8222;Frontal&#8220; eine Tonbandkassette mit der Stimme des gesuchten Milliarden-Pleitiers J\u00fcrgen Schneider pr\u00e4sentiert. Durch die \u00dcberwachung gelang auch Schneiders Verhaftung am 18.5.1995 in Miami.<\/p>\n<p>Das BVerfG hielt beide \u00dcberwachungen f\u00fcr gerechtfertigt. Zwar sei von der Zielwahlsuche eine Vielzahl Unbeteiligter betroffen, dieser Eingriff sei aber verh\u00e4ltnism\u00e4\u00dfig, wenn er der Verfolgung schwerer Straftaten diene. Letztere rechtfertige auch einen Eingriff in die Pressefreiheit recherchierender JournalistInnen. Die ErmittlungsrichterInnen m\u00fcssten sich aber in jedem Falle &#8222;eigenverantwortlich&#8220; ein Urteil bilden und d\u00fcrften nicht nur die Antr\u00e4ge der Staatsanwaltschaft gegenzeichnen.<\/p>\n<p>Letztlich sei es &#8222;Sache des Gesetzgebers \u00fcber die Freistellung von Journalisten &#8230; von strafprozessualen Ma\u00dfnahmen zu entscheiden&#8220;.<\/p>\n<p>(Stephan Stolle)<\/p>\n","protected":false},"excerpt":{"rendered":"<p>Am 12. M\u00e4rz 2003 verwarf das Bundesverfassungsgericht (BVerfG) zwei Verfassungsbeschwerden von JournalistInnen.\u00a0Edith Kohn vom &#8222;Stern&#8220;<\/p>\n","protected":false},"author":2,"featured_media":0,"comment_status":"closed","ping_status":"open","sticky":false,"template":"","format":"standard","meta":{"footnotes":""},"categories":[80,146],"tags":[],"class_list":["post-7158","post","type-post","status-publish","format-standard","hentry","category-cilip-074","category-meldungen-inland"],"_links":{"self":[{"href":"https:\/\/wp-dev.daten.cool\/index.php?rest_route=\/wp\/v2\/posts\/7158","targetHints":{"allow":["GET"]}}],"collection":[{"href":"https:\/\/wp-dev.daten.cool\/index.php?rest_route=\/wp\/v2\/posts"}],"about":[{"href":"https:\/\/wp-dev.daten.cool\/index.php?rest_route=\/wp\/v2\/types\/post"}],"author":[{"embeddable":true,"href":"https:\/\/wp-dev.daten.cool\/index.php?rest_route=\/wp\/v2\/users\/2"}],"replies":[{"embeddable":true,"href":"https:\/\/wp-dev.daten.cool\/index.php?rest_route=%2Fwp%2Fv2%2Fcomments&post=7158"}],"version-history":[{"count":0,"href":"https:\/\/wp-dev.daten.cool\/index.php?rest_route=\/wp\/v2\/posts\/7158\/revisions"}],"wp:attachment":[{"href":"https:\/\/wp-dev.daten.cool\/index.php?rest_route=%2Fwp%2Fv2%2Fmedia&parent=7158"}],"wp:term":[{"taxonomy":"category","embeddable":true,"href":"https:\/\/wp-dev.daten.cool\/index.php?rest_route=%2Fwp%2Fv2%2Fcategories&post=7158"},{"taxonomy":"post_tag","embeddable":true,"href":"https:\/\/wp-dev.daten.cool\/index.php?rest_route=%2Fwp%2Fv2%2Ftags&post=7158"}],"curies":[{"name":"wp","href":"https:\/\/api.w.org\/{rel}","templated":true}]}}