{"id":7168,"date":"2003-12-03T21:24:19","date_gmt":"2003-12-03T21:24:19","guid":{"rendered":"https:\/\/www.cilip.de\/?p=7168"},"modified":"2003-12-03T21:24:19","modified_gmt":"2003-12-03T21:24:19","slug":"aufbauplanung-fuer-das-sis-ii","status":"publish","type":"post","link":"https:\/\/wp-dev.daten.cool\/?p=7168","title":{"rendered":"Aufbauplanung f\u00fcr das SIS II"},"content":{"rendered":"<p>Ende 2006 soll das Schengener Informationssystem der zweiten Generation einsatzbereit sein. So ist es zumindest in den Schlussfolgerungen \u00fcber die \u201eFunktionen\u201c und die \u201eArchitektur\u201c des neuen Systems vorgesehen, die der Rat auf seiner Juni-Sitzung verabschiedet hat.<a href=\"#_ftn1\" name=\"_ftnref1\">[1]<\/a> Demnach soll das SIS weiterhin ein \u201ehit\/no hit\u201c-System, also ein blo\u00dfes Abfragesystem bleiben, allerdings f\u00fcr neue \u201eFunktionen\u201c offen sein: Der Rat will \u201erechtzeitig zur ersten Freigabe des SIS II erforderlichenfalls durch Rechtsakte\u201c dar\u00fcber befinden, welche neuen Datenkategorien (z.B. \u00fcber \u201egewaltt\u00e4tige Randalierer\u201c) und Datenfelder (f\u00fcr digitalisierte Fotos und andere biometrische Daten) zu schaffen sind und welche zus\u00e4tzlichen Beh\u00f6rden vollen oder teilweisen Zugriff zum SIS erhalten sollen.<!--more--><\/p>\n<p>Einen ersten \u201eRechtsakt\u201c hat der Rat bereits gebilligt. Er \u00e4nderte per \u201eBeschluss\u201c auf spanische Initiative das Schengener Durchf\u00fchrungs\u00fcbereinkommen: Demnach sollen neue Datenkategorien in der Sachfahndung (f\u00fcr Container, Luft- und Wasserfahrzeuge, Schecks, Kreditkarten und Wertpapiere) entstehen. Zugriff zu den Daten erhalten auch die Staatsanwaltschaften sowie Europol und Eurojust. F\u00fcr den Anschluss der letzteren bedarf es allerdings zus\u00e4tzlich einer \u00c4nderung der Europol-Konvention bzw. des Beschlusses \u00fcber Eurojust. Diese \u00c4nderungen k\u00f6nnten schon im Rahmen des bestehenden SIS eingef\u00fchrt werden, weitere \u201eFunktionen\u201c f\u00fcr das SIS II sollen die zust\u00e4ndigen Ratsarbeitsgruppen m\u00f6glichst rasch ausarbeiten.<a href=\"#_ftn2\" name=\"_ftnref2\">[2]<\/a><\/p>\n<p>F\u00fcr das SIS II ist nicht nur eine zentrale Einheit (C.SIS) geplant, sondern zus\u00e4tzlich ein \u201eNotfallsystem\u201c. Gegebenenfalls k\u00f6nnten \u201eim operativen Betrieb die Abfragen auf beide Systeme verteilt werden.\u201c Das C.SIS verbleibt voraussichtlich in Strasbourg, f\u00fcr die zweite Zentrale hat \u00d6sterreich einen Standort angeboten: ein \u201eAusweichrechenzentrum &#8230; das sich in einer verbunkerten, baulich besonders gesicherten, unterirdischen Anlage der milit\u00e4rischen Luftraum\u00fcberwachung in einem Berg in den Alpen\u201c befindet und \u201everl\u00e4sslichen\u201c Schutz gegen \u201eAngriffe von au\u00dfen\u201c bietet. Alarmpl\u00e4ne \u201eim Falle von terroristischen Bedrohungen, zivilen \u00dcbergriffen oder Demonstrationen\u201c seien vorhanden. Das SIS II und das in Planung befindliche neue Visuminformationssystem (VIS) sollen auf der gleichen \u201etechnischen Plattform\u201c betrieben werden. Das milit\u00e4rische Loch in den Salzburger Alpen habe, so die \u00f6sterreichische Delegation, auch Platz f\u00fcr das Back up-System des VIS.<a href=\"#_ftn3\" name=\"_ftnref3\">[3]<\/a><\/p>\n<p>(Heiner Busch)<\/p>\n<h5><a href=\"#_ftnref1\" name=\"_ftn1\">[1]<\/a>\u00a0\u00a0\u00a0\u00a0\u00a0 EU-Ratsdok. 9845\/03 v. 5.\/6.6.2003<\/h5>\n<h5><a href=\"#_ftnref2\" name=\"_ftn2\">[2]<\/a>\u00a0\u00a0\u00a0\u00a0 EU-Ratsdok. 10054\/03 v. 24.6.2003<\/h5>\n<h5><a href=\"#_ftnref3\" name=\"_ftn3\">[3]<\/a>\u00a0\u00a0\u00a0\u00a0 EU-Ratsdok. 12367\/03 v. 9.9.2003<\/h5>\n","protected":false},"excerpt":{"rendered":"<p>Ende 2006 soll das Schengener Informationssystem der zweiten Generation einsatzbereit sein. So ist es zumindest<\/p>\n","protected":false},"author":9,"featured_media":0,"comment_status":"closed","ping_status":"open","sticky":false,"template":"","format":"standard","meta":{"footnotes":""},"categories":[82,145],"tags":[],"class_list":["post-7168","post","type-post","status-publish","format-standard","hentry","category-cilip-076","category-meldungen-europa"],"_links":{"self":[{"href":"https:\/\/wp-dev.daten.cool\/index.php?rest_route=\/wp\/v2\/posts\/7168","targetHints":{"allow":["GET"]}}],"collection":[{"href":"https:\/\/wp-dev.daten.cool\/index.php?rest_route=\/wp\/v2\/posts"}],"about":[{"href":"https:\/\/wp-dev.daten.cool\/index.php?rest_route=\/wp\/v2\/types\/post"}],"author":[{"embeddable":true,"href":"https:\/\/wp-dev.daten.cool\/index.php?rest_route=\/wp\/v2\/users\/9"}],"replies":[{"embeddable":true,"href":"https:\/\/wp-dev.daten.cool\/index.php?rest_route=%2Fwp%2Fv2%2Fcomments&post=7168"}],"version-history":[{"count":0,"href":"https:\/\/wp-dev.daten.cool\/index.php?rest_route=\/wp\/v2\/posts\/7168\/revisions"}],"wp:attachment":[{"href":"https:\/\/wp-dev.daten.cool\/index.php?rest_route=%2Fwp%2Fv2%2Fmedia&parent=7168"}],"wp:term":[{"taxonomy":"category","embeddable":true,"href":"https:\/\/wp-dev.daten.cool\/index.php?rest_route=%2Fwp%2Fv2%2Fcategories&post=7168"},{"taxonomy":"post_tag","embeddable":true,"href":"https:\/\/wp-dev.daten.cool\/index.php?rest_route=%2Fwp%2Fv2%2Ftags&post=7168"}],"curies":[{"name":"wp","href":"https:\/\/api.w.org\/{rel}","templated":true}]}}