{"id":7192,"date":"2002-08-07T21:42:46","date_gmt":"2002-08-07T21:42:46","guid":{"rendered":"https:\/\/www.cilip.de\/?p=7192"},"modified":"2002-08-07T21:42:46","modified_gmt":"2002-08-07T21:42:46","slug":"imsi-catcher-durch-die-hintertuer","status":"publish","type":"post","link":"https:\/\/wp-dev.daten.cool\/?p=7192","title":{"rendered":"IMSI-Catcher durch die Hintert\u00fcr"},"content":{"rendered":"<p>Noch im letzten Heft hat CILIP \u00fcber die fehlende Rechtsgrundlage f\u00fcr den Einsatz des sogenannten \u201eIMSI-Catchers\u201c f\u00fcr die Strafverfolgung berichtet.<a href=\"#_ftn1\" name=\"_ftnref1\">[1]<\/a> Nachdem der Bundesgesetzgeber bereits im Terrorismusbek\u00e4mpfungsgesetz, das am 1.1.2002 in Kraft trat, den IMSI-Catcher f\u00fcr den Verfassungsschutz des Bundes legalisierte, hat die Regierungsmehrheit den Einsatz des Ger\u00e4tes zur Ortung, Identifizierung und \u00dcberwachung von Mobilfunkanschl\u00fcssen nun auch in der Strafprozessordnung (StPO) explizit geregelt. <!--more-->Kennzeichnend f\u00fcr den Stil der Gesetzgebung und in der Tradition der in aller Eile zusammengeschriebenen Anti-Terrorismusgesetze des letzten Winters, war die Art und Weise, wie diese j\u00fcngste Erweiterung vonstatten ging. Denn das Bundesinnenministerium hatte bis zuletzt argumentiert, die bisherigen Regelungen zur Telefon\u00fcberwachung deckten auch den Einsatz des IMSI-Catchers ab. Statt eines ordentlichen Gesetzgebungsverfahrens wurden die neuen Bestimmungen dann in eine bereits in Beratung befindliche Novelle, in der urspr\u00fcnglich nur die Anordnungskompetenz f\u00fcr DNA-Untersu\u00adchungen geregelt werden sollten, eingef\u00fcgt. \u201eAus Gr\u00fcnden der Rechtssicherheit und Rechtsklarheit\u201c sowie \u201eim Interesse einer effektiven Verfolgung schwerwiegender Straftaten\u201c f\u00fchrt der neue \u00a7\u00a0100i StPO den IMSI-Catcher nun auch ausdr\u00fccklich in das Strafverfolgungsrecht ein.<a href=\"#_ftn2\" name=\"_ftnref2\">[2]<\/a><\/p>\n<p>Die neuen Bestimmungen erlauben den Einsatz des IMSI-Catchers zu drei Zwecken: Erstens wenn er der Vorbereitung einer \u00dcberwachung des Telekommunikationsverkehrs dient, d.h. wenn ein Mobiltelefon \u00fcberwacht werden soll, die Strafverfolgungsbeh\u00f6rden dessen Ger\u00e4te- und Kartennummer aber nicht kennen. Zweitens zur vorl\u00e4ufigen Festnahme oder der Ergreifung eines T\u00e4ters, d.h. hier wird der Catcher zur Ortung von Personen eingesetzt. Und drittens darf das Ger\u00e4t ebenfalls zur Ermittlung des Aufenthaltsorts eines T\u00e4ters genutzt werden, wenn dies zur Eigensicherung der eingesetzten Beamten erforderlich ist. Die Ermittlung der Nummern ist an den Straftatenkatalog des \u00a7\u00a0100a StPO gebunden, dessen Umfang mittlerweile sprichw\u00f6rtlich uferlos ist. Die beiden Ortungsvarianten sind an die rechtlich unbestimmten \u201eStraftaten von erheblicher Bedeutung\u201c gebunden. Garniert werden diese Bestimmungen mit der \u00fcblichen Subsidiarit\u00e4tsrhetorik, etwa derart, dass der IMSI-Catcher nur genutzt werden darf, wenn die Ermittlung des Aufenthaltsortes \u201eauf andere Weise weniger erfolgversprechend oder erschwert w\u00e4re\u201c. Das sind Formulierungen, die dem bekannten Muster folgen, durch das rechtliche Entgrenzungen in f\u00f6rmlichen Gesetzen geadelt werden.<\/p>\n<p>(Norbert P\u00fctter)<\/p>\n<h5><a href=\"#_ftnref1\" name=\"_ftn1\">[1]<\/a>\u00a0\u00a0\u00a0\u00a0\u00a0 Gercke, Bj\u00f6rn: \u00dcberwachung des Mobilfunkverkehrs, in: B\u00fcrgerrechte &amp; Polizei\/CILIP 71 (1\/2002), S. 20-28 (26 ff.)<\/h5>\n<h5><a href=\"#_ftnref2\" name=\"_ftn2\">[2]<\/a>\u00a0\u00a0\u00a0\u00a0 BT-Drs. 14\/9088 v. 15.5.2002 und BR-Drs. 452\/02 v. 31.5.2002<\/h5>\n","protected":false},"excerpt":{"rendered":"<p>Noch im letzten Heft hat CILIP \u00fcber die fehlende Rechtsgrundlage f\u00fcr den Einsatz des sogenannten<\/p>\n","protected":false},"author":10,"featured_media":0,"comment_status":"closed","ping_status":"open","sticky":false,"template":"","format":"standard","meta":{"footnotes":""},"categories":[78,146],"tags":[],"class_list":["post-7192","post","type-post","status-publish","format-standard","hentry","category-cilip-072","category-meldungen-inland"],"_links":{"self":[{"href":"https:\/\/wp-dev.daten.cool\/index.php?rest_route=\/wp\/v2\/posts\/7192","targetHints":{"allow":["GET"]}}],"collection":[{"href":"https:\/\/wp-dev.daten.cool\/index.php?rest_route=\/wp\/v2\/posts"}],"about":[{"href":"https:\/\/wp-dev.daten.cool\/index.php?rest_route=\/wp\/v2\/types\/post"}],"author":[{"embeddable":true,"href":"https:\/\/wp-dev.daten.cool\/index.php?rest_route=\/wp\/v2\/users\/10"}],"replies":[{"embeddable":true,"href":"https:\/\/wp-dev.daten.cool\/index.php?rest_route=%2Fwp%2Fv2%2Fcomments&post=7192"}],"version-history":[{"count":0,"href":"https:\/\/wp-dev.daten.cool\/index.php?rest_route=\/wp\/v2\/posts\/7192\/revisions"}],"wp:attachment":[{"href":"https:\/\/wp-dev.daten.cool\/index.php?rest_route=%2Fwp%2Fv2%2Fmedia&parent=7192"}],"wp:term":[{"taxonomy":"category","embeddable":true,"href":"https:\/\/wp-dev.daten.cool\/index.php?rest_route=%2Fwp%2Fv2%2Fcategories&post=7192"},{"taxonomy":"post_tag","embeddable":true,"href":"https:\/\/wp-dev.daten.cool\/index.php?rest_route=%2Fwp%2Fv2%2Ftags&post=7192"}],"curies":[{"name":"wp","href":"https:\/\/api.w.org\/{rel}","templated":true}]}}