{"id":7194,"date":"2002-08-07T21:44:01","date_gmt":"2002-08-07T21:44:01","guid":{"rendered":"https:\/\/www.cilip.de\/?p=7194"},"modified":"2002-08-07T21:44:01","modified_gmt":"2002-08-07T21:44:01","slug":"misshandlungen-mit-todesfolge-in-koeln","status":"publish","type":"post","link":"https:\/\/wp-dev.daten.cool\/?p=7194","title":{"rendered":"Misshandlungen mit Todesfolge in K\u00f6ln"},"content":{"rendered":"<p>Im Anschluss an seine Festnahme wegen aggressiven Verhaltens wurde der 31-j\u00e4hrige Stephan Neisius am 11.\u00a0Mai 2002 in einem Polizeiwagen und sp\u00e4ter auf der K\u00f6lner Eigelsteinwache von sechs Polizeibeamten schwer misshandelt; nach zweiw\u00f6chigem Koma starb der Mann am 24.\u00a0Mai Zwei Polizeibeamte sagten aus, als der Streifenwagen zur Wache gekommen sei, sei \u201eEmpfangskommando\u201c gerufen worden \u2013 eine dort scheinbar \u00fcbliche Art, schwierige Zuf\u00fchrungen zur Wache zu benennen. Der an H\u00e4nden und F\u00fc\u00dfen gefesselte Neisius sei daraufhin brutal geschlagen, getreten und schlie\u00dflich an den F\u00fc\u00dfen durch den Flur in die Zelle geschleift worden.<!--more--><\/p>\n<p>Das rechtsmedizinische Institut der Universit\u00e4t K\u00f6ln hat im Mai \u201eein deutlich geformtes, frisches H\u00e4matom nach Art eines Schuhsohlenabdrucks\u201c auf der linken Stirnh\u00e4lfte des Toten diagnostiziert. Dies deutet auf eine massive Gewaltanwendung gegen den Kopf des Verstorbenen hin. Dasselbe Institut bescheinigte im abschlie\u00dfenden rechtsmedizinischen Gutachten am 26.\u00a0Juni, dass der Tod von Herrn Neisius nicht aufgrund von Gewaltanwendungen eingetreten sei.<\/p>\n<p>Vielmehr habe ein \u201ehypoxischer Hirnschaden\u201c, d.h. ein Hirnschaden als Resultat einer extremen Sauerstoffmangelversorgung des Gehirns, nach einer \u201evorausgegangenen Belastungsreaktion mit pl\u00f6tzlichem Herz- und Kreislaufversagen\u201c zum Tod gef\u00fchrt. Es sei zwar \u201enicht auszuschlie\u00dfen\u201c, dass die Handlungsweisen der Polizeibeamten den \u201eStresszustand\u201c von Herrn N. verst\u00e4rkt haben k\u00f6nnten, so das Gutachten. Als Grund f\u00fcr die \u201eBelastungssituation\u201c, also f\u00fcr das Herbeif\u00fchren eines pl\u00f6tzlichen Herzstillstandes, aufgrund dessen es zu einer so extremen Unterversorgung des Gehirns mit Sauerstoff (Hypoxie) kam, dass ein t\u00f6dliches Koma folgte, werden aber der Cannabiskonsum des Verstorbenen sowie eine vorhandene Psychose angef\u00fchrt. Dagegen sprechen medizinische Forschungsergebnisse, die wiederholt bescheinigen, dass Cannabis lediglich die Aufmerksamkeit vermindernd und nicht hirnsch\u00e4digend wirkt. Das Gutachten erweckt den Eindruck der Vertuschung. Eine Psychose gilt in der medizinischen Fachliteratur keinesfalls als Ursache von pl\u00f6tzlichem Herzversagen. Es fragt sich zudem, wie die Rechtsmediziner eine Psychose am Verstorbenen diagnostizieren konnten. Der rechtsmedizinischen Logik folgend w\u00e4re Herr N. auch ohne Polizeieinsatz gestorben, wegen Cannabiskonsums.<\/p>\n<p>Die sechs Polizisten wurden vom Dienst suspendiert. Aufgrund des Gutachtens wurden weder Verfahren wegen Todschlags noch wegen K\u00f6rperverletzung mit Todesfolge eingeleitet. Ermittelt wird gegen 13 Beamte der Wache; insgesamt 11 Schl\u00e4gern in Uniform wird \u201enur\u201c K\u00f6rperverletzung im Amt zur Last gelegt. Den beiden anderen Beamten, die die Vorg\u00e4nge beobachtet und angezeigt hatten, wird unterlassene Hilfeleistung vorgeworfen. Einer der suspendierten Polizisten wurde zuvor bereits 12 Mal wegen K\u00f6rperverletzung und anderer Delikte angezeigt, immer folgenlos. Seine Vorgesetzten stellten ihm wohlwollende Zeugnisse aus. Der ehemalige Leiter der Polizeiinspektion Innenstadt, J\u00fcrgen Sengespeik, tr\u00e4gt die Verantwortung f\u00fcr solche Vertuschungen. Seit 1999 gab es 324 Ermittlungsverfahren gegen Polizeibeamte in K\u00f6ln wegen Verdachts der K\u00f6rperverletzung, davon 37 in der Eigelsteinwache. Eine von der Bezirksregierung eingesetzte Arbeitsgruppe kam zu dem Ergebnis, dass Hinweisen auf \u201eauff\u00e4llige Beamte\u201c nicht ausreichend nachgegangen worden sei und dass es positiv bewertet worden sei, wenn Beamte der Wache eher \u201eh\u00e4rter zugreifen\u201c. Sengespeik wurde \u201ezur Strafe\u201c die Leitung einer anderen Polizeiwache \u00fcbertragen.<\/p>\n<p>(Marion Knorr)<\/p>\n","protected":false},"excerpt":{"rendered":"<p>Im Anschluss an seine Festnahme wegen aggressiven Verhaltens wurde der 31-j\u00e4hrige Stephan Neisius am 11.\u00a0Mai<\/p>\n","protected":false},"author":2,"featured_media":0,"comment_status":"closed","ping_status":"open","sticky":false,"template":"","format":"standard","meta":{"footnotes":""},"categories":[78,146],"tags":[],"class_list":["post-7194","post","type-post","status-publish","format-standard","hentry","category-cilip-072","category-meldungen-inland"],"_links":{"self":[{"href":"https:\/\/wp-dev.daten.cool\/index.php?rest_route=\/wp\/v2\/posts\/7194","targetHints":{"allow":["GET"]}}],"collection":[{"href":"https:\/\/wp-dev.daten.cool\/index.php?rest_route=\/wp\/v2\/posts"}],"about":[{"href":"https:\/\/wp-dev.daten.cool\/index.php?rest_route=\/wp\/v2\/types\/post"}],"author":[{"embeddable":true,"href":"https:\/\/wp-dev.daten.cool\/index.php?rest_route=\/wp\/v2\/users\/2"}],"replies":[{"embeddable":true,"href":"https:\/\/wp-dev.daten.cool\/index.php?rest_route=%2Fwp%2Fv2%2Fcomments&post=7194"}],"version-history":[{"count":0,"href":"https:\/\/wp-dev.daten.cool\/index.php?rest_route=\/wp\/v2\/posts\/7194\/revisions"}],"wp:attachment":[{"href":"https:\/\/wp-dev.daten.cool\/index.php?rest_route=%2Fwp%2Fv2%2Fmedia&parent=7194"}],"wp:term":[{"taxonomy":"category","embeddable":true,"href":"https:\/\/wp-dev.daten.cool\/index.php?rest_route=%2Fwp%2Fv2%2Fcategories&post=7194"},{"taxonomy":"post_tag","embeddable":true,"href":"https:\/\/wp-dev.daten.cool\/index.php?rest_route=%2Fwp%2Fv2%2Ftags&post=7194"}],"curies":[{"name":"wp","href":"https:\/\/api.w.org\/{rel}","templated":true}]}}