{"id":7200,"date":"2002-08-07T21:46:55","date_gmt":"2002-08-07T21:46:55","guid":{"rendered":"https:\/\/www.cilip.de\/?p=7200"},"modified":"2002-08-07T21:46:55","modified_gmt":"2002-08-07T21:46:55","slug":"telekommunikation-speicherung-von-verbindungsdaten","status":"publish","type":"post","link":"https:\/\/wp-dev.daten.cool\/?p=7200","title":{"rendered":"Telekommunikation: Speicherung von Verbindungsdaten"},"content":{"rendered":"<p>Zwei Jahre lang stritten sich der Rat und das Europ\u00e4ische Parlament (EP) um die Richtlinie \u201e\u00fcber die Verarbeitung personenbezogener Daten und den Schutz der Privatsph\u00e4re\u201c. Noch bei der ersten Lesung im November 2001 hatte das EP daran festgehalten, dass Anbieterfirmen die bei der Telekommunikation anfallenden Verbindungsdaten nur zur Rechnungslegung aufbewahren d\u00fcrfen und danach zu l\u00f6schen haben. Eine Speicherung zu Zwecken der Strafverfolgung oder \u201enationalen Sicherheit\u201c und der Zugang von Polizei oder Geheimdiensten sollte ausgeschlossen bleiben. <!--more-->Nachdem die Kommission schon im Dezember einen R\u00fcckzieher gemacht hat, ist am 30. Mai 2002 auch das EP umgefallen. Konservative (EVP) und SozialdemokratInnen (SPE) einigten sich auf einen \u201eKompromiss\u201c, wonach die Mitgliedstaaten per Gesetz die Aufbewahrung und den Datenzugang f\u00fcr Po\u00adlizei, Strafverfolgungsbeh\u00f6rden und Geheimdienste erlauben k\u00f6nnen. Die in dem Beschluss enthaltenen Hinweise auf das Gemeinschaftsrecht und die Entscheidungen des Europ\u00e4ischen Gerichtshofs f\u00fcr Menschenrechte sind praktisch ohne Bedeutung. Da Telekommunikationsfragen anders als Justiz- und Innenpolitik dem \u201eMitentscheidungsverfahren\u201c unterliegen, h\u00e4tte das EP die W\u00fcnsche des Rates durchkreuzen k\u00f6nnen. Es hat die Chance vertan.<a href=\"#_ftn1\" name=\"_ftnref1\">[1]<\/a><\/p>\n<p>(Heiner Busch)<\/p>\n<h5><a href=\"#_ftnref1\" name=\"_ftn1\">[1]<\/a>\u00a0\u00a0\u00a0\u00a0\u00a0 PE 319.107, S. 6-15; s. zur Vorgeschichte: Bunyan, T.: Was wird aus den Verkehrsdaten, in: B\u00fcrgerrechte &amp; Polizei\/CILIP 71 (1\/2002), S. 45-48<\/h5>\n","protected":false},"excerpt":{"rendered":"<p>Zwei Jahre lang stritten sich der Rat und das Europ\u00e4ische Parlament (EP) um die Richtlinie<\/p>\n","protected":false},"author":9,"featured_media":0,"comment_status":"closed","ping_status":"open","sticky":false,"template":"","format":"standard","meta":{"footnotes":""},"categories":[78,145],"tags":[],"class_list":["post-7200","post","type-post","status-publish","format-standard","hentry","category-cilip-072","category-meldungen-europa"],"_links":{"self":[{"href":"https:\/\/wp-dev.daten.cool\/index.php?rest_route=\/wp\/v2\/posts\/7200","targetHints":{"allow":["GET"]}}],"collection":[{"href":"https:\/\/wp-dev.daten.cool\/index.php?rest_route=\/wp\/v2\/posts"}],"about":[{"href":"https:\/\/wp-dev.daten.cool\/index.php?rest_route=\/wp\/v2\/types\/post"}],"author":[{"embeddable":true,"href":"https:\/\/wp-dev.daten.cool\/index.php?rest_route=\/wp\/v2\/users\/9"}],"replies":[{"embeddable":true,"href":"https:\/\/wp-dev.daten.cool\/index.php?rest_route=%2Fwp%2Fv2%2Fcomments&post=7200"}],"version-history":[{"count":0,"href":"https:\/\/wp-dev.daten.cool\/index.php?rest_route=\/wp\/v2\/posts\/7200\/revisions"}],"wp:attachment":[{"href":"https:\/\/wp-dev.daten.cool\/index.php?rest_route=%2Fwp%2Fv2%2Fmedia&parent=7200"}],"wp:term":[{"taxonomy":"category","embeddable":true,"href":"https:\/\/wp-dev.daten.cool\/index.php?rest_route=%2Fwp%2Fv2%2Fcategories&post=7200"},{"taxonomy":"post_tag","embeddable":true,"href":"https:\/\/wp-dev.daten.cool\/index.php?rest_route=%2Fwp%2Fv2%2Ftags&post=7200"}],"curies":[{"name":"wp","href":"https:\/\/api.w.org\/{rel}","templated":true}]}}