{"id":7221,"date":"2002-02-08T17:44:18","date_gmt":"2002-02-08T17:44:18","guid":{"rendered":"https:\/\/www.cilip.de\/?p=7221"},"modified":"2002-02-08T17:44:18","modified_gmt":"2002-02-08T17:44:18","slug":"anklage-gegen-bgs-beamte-nach-toedlicher-abschiebung","status":"publish","type":"post","link":"https:\/\/wp-dev.daten.cool\/?p=7221","title":{"rendered":"Anklage gegen BGS-Beamte nach t\u00f6dlicher Abschiebung"},"content":{"rendered":"<p>Am 28.5.1999 starb Aamir Ageeb w\u00e4hrend seiner Abschiebung auf dem Lufthansaflug von Frankfurt a.M. nach Kairo. BGS-Beamte hatten den 30-j\u00e4hrigen Sudanesen gefesselt, ihm einen Helm aufgesetzt, und ihn solange in den Sitz gedr\u00fcckt, bis er erstickte. Die drei Bundesgrenzsch\u00fctzer wurden nun wegen fahrl\u00e4ssiger T\u00f6tung von der Frankfurter Staatsanwaltschaft angeklagt. In mehreren medizinischen Gutachten wird ein \u201elagebedingter Erstickungstod\u201c als Todesursache benannt. <!--more-->In \u00e4hnlichen F\u00e4llen waren bislang rechtsmedizinische Gutachten erstellt worden, die \u201elagebedingte Erstickungen\u201c \u2013 als Resultat erstickungsgef\u00e4hrlicher Vorgehensweisen durch Polizeibeamte \u2013 ausblendeten: Nach dem Tod des Nigerianers Kola Bankole 1994, der nach einer \u201eBeruhigungsspritze\u201c und nach Knebelung auf dem Frankfurter Flughafen verstarb, wurden die Verfahren gegen die verantwortlichen Beamten eingestellt; der Arzt wurde freigesprochen, weil das gerichtsmedizinische Gutachten einen \u201epl\u00f6tzlichen Tod aus nat\u00fcrlicher innerer Ursache\u201c bescheinigte. Nach dem Tod des Nigerianers Agbai-John 1995 in Frankfurt wurden \u201eRauschmittel\u201c als Todesursache angegeben. Ein sp\u00e4teres Gutachten bescheinigte einen Erstickungstod. Im Fall Ageeb veranlasste die Staatsanwaltschaft eine genaue Rekonstruktion der Ereignisse im Flugzeug; ZeugInnen wurden befragt. Eine Verurteilung der Angeklagten w\u00e4re ein Pr\u00e4zedenzfall. Der Prozessbeginn ist noch offen. \u2013 In Wien wurden am 15.4.2002 drei Polizisten wegen fahrl\u00e4ssiger T\u00f6tung zu einer achtmonatigen Bew\u00e4hrungsstrafe verurteilt. Der Nigerianer Marcus Omoufuma war am 1.5.1999 w\u00e4hrend seiner Abschiebung erstickt.<\/p>\n<p>Auf der Grundlage eines Berichtes der Schweizerin Gaby Vermot hat die Parlamentarische Versammlung des Europarats im Januar dieses Jahres die 43 Mitgliedstaaten zu einer sofortigen Einstellung menschenrechtsverletzender Abschiebepraktiken aufgefordert. Europaweit starben von 1991 bis 2001 13 Personen bei ihrer Abschiebung, davon allein 10 in den letzten zwei Jahren. Der Bericht kritisiert insbesondere den juristischen Graubereich, in dem Zwangsabschiebungen europaweit durchgef\u00fchrt werden. Zugleich werden l\u00e4nderspezifische Fallbeispiele t\u00f6dlicher Abschiebungen dargestellt.<a href=\"#_ftn1\" name=\"_ftnref1\">[1]<\/a><\/p>\n<p>(Marion Knorr)<\/p>\n<h5><a href=\"#_ftnref1\" name=\"_ftn1\">[1]<\/a>\u00a0\u00a0\u00a0\u00a0\u00a0 Der Bericht ist abrufbar unter: http:\/\/stars.coe.fr\/ta\/ta02\/edir579.htm.<\/h5>\n","protected":false},"excerpt":{"rendered":"<p>Am 28.5.1999 starb Aamir Ageeb w\u00e4hrend seiner Abschiebung auf dem Lufthansaflug von Frankfurt a.M. nach<\/p>\n","protected":false},"author":2,"featured_media":0,"comment_status":"closed","ping_status":"open","sticky":false,"template":"","format":"standard","meta":{"footnotes":""},"categories":[77,146],"tags":[],"class_list":["post-7221","post","type-post","status-publish","format-standard","hentry","category-cilip-071","category-meldungen-inland"],"_links":{"self":[{"href":"https:\/\/wp-dev.daten.cool\/index.php?rest_route=\/wp\/v2\/posts\/7221","targetHints":{"allow":["GET"]}}],"collection":[{"href":"https:\/\/wp-dev.daten.cool\/index.php?rest_route=\/wp\/v2\/posts"}],"about":[{"href":"https:\/\/wp-dev.daten.cool\/index.php?rest_route=\/wp\/v2\/types\/post"}],"author":[{"embeddable":true,"href":"https:\/\/wp-dev.daten.cool\/index.php?rest_route=\/wp\/v2\/users\/2"}],"replies":[{"embeddable":true,"href":"https:\/\/wp-dev.daten.cool\/index.php?rest_route=%2Fwp%2Fv2%2Fcomments&post=7221"}],"version-history":[{"count":0,"href":"https:\/\/wp-dev.daten.cool\/index.php?rest_route=\/wp\/v2\/posts\/7221\/revisions"}],"wp:attachment":[{"href":"https:\/\/wp-dev.daten.cool\/index.php?rest_route=%2Fwp%2Fv2%2Fmedia&parent=7221"}],"wp:term":[{"taxonomy":"category","embeddable":true,"href":"https:\/\/wp-dev.daten.cool\/index.php?rest_route=%2Fwp%2Fv2%2Fcategories&post=7221"},{"taxonomy":"post_tag","embeddable":true,"href":"https:\/\/wp-dev.daten.cool\/index.php?rest_route=%2Fwp%2Fv2%2Ftags&post=7221"}],"curies":[{"name":"wp","href":"https:\/\/api.w.org\/{rel}","templated":true}]}}