{"id":7230,"date":"2002-02-08T17:48:00","date_gmt":"2002-02-08T17:48:00","guid":{"rendered":"https:\/\/www.cilip.de\/?p=7230"},"modified":"2002-02-08T17:48:00","modified_gmt":"2002-02-08T17:48:00","slug":"eu-weite-rasterfahndung","status":"publish","type":"post","link":"https:\/\/wp-dev.daten.cool\/?p=7230","title":{"rendered":"EU-weite Rasterfahndung"},"content":{"rendered":"<p>Um einen Export heimischer Methoden auf die Ebene der EU bem\u00fcht sich auch die BRD.<a href=\"#_ftn1\" name=\"_ftnref1\">[1]<\/a> Bereits im Oktober forderte sie den Aufbau eines EU-weiten und jeweils nationaler Ausl\u00e4nderzentralregister. \u00dcber eine solche Datenbank verf\u00fcgt au\u00dfer Deutschland bisher nur ein EU-Staat (Luxemburg). Weitere Vorschl\u00e4ge wurden in Deutschland in dem am 1. Januar in Kraft getretenen \u201eTerrorismusbek\u00e4mpfungsgesetz\u201c verankert: Verwendung von Eurodac-Daten (Fingerabdr\u00fccke von Fl\u00fcchtlingen) f\u00fcr polizeiliche Zwecke, Visa-Entscheidungs-Da\u00adteien mit polizeilichem und geheimdienstlichem Zugriff, neue Methoden der \u201eIdentit\u00e4tssicherung\u201c.<!--more--><\/p>\n<p>Die Forderung, EU-weit Rasterfahndungen zu erm\u00f6glichen, wurde im neuen Jahr weiter konkretisiert. In einem \u201eVermerk\u201c vom 8. M\u00e4rz lobt die deutsche Delegation die Rasterfahndung als \u201egeeignetes und erforderliches Mittel im Kampf gegen den internationalen Terrorismus\u201c und stellt die hiesigen rechtlichen Bedingungen (im Polizeirecht und in der Strafprozessordnung) dar. Deutschland fordert von den anderen EU-Staaten mitzuteilen, ob sie \u00e4hnliche Verfahren praktizieren, ob sie \u201eHindernisse\u201c f\u00fcr die Einf\u00fchrung der Rasterfahndung sehen und \u201ewelche Voraussetzungen &#8230; beachtet werden m\u00fcssen, um ein europaweit einheitliches Vorgehen zu erm\u00f6glichen.\u201c \u00dcber die fehlenden Ergebnisse der deutschen Rasterfahndungen sowie \u00fcber die ablehnenden Gerichtsentscheidungen aus Hessen und Berlin schweigt sich der Vermerk aus.<\/p>\n<p>(Heiner Busch)<\/p>\n<h5><a href=\"#_ftnref1\" name=\"_ftn1\">[1]<\/a>\u00a0\u00a0\u00a0\u00a0\u00a0 Ratsdok. 13176\/01 und 6403\/02<\/h5>\n","protected":false},"excerpt":{"rendered":"<p>Um einen Export heimischer Methoden auf die Ebene der EU bem\u00fcht sich auch die BRD.[1]<\/p>\n","protected":false},"author":9,"featured_media":0,"comment_status":"closed","ping_status":"open","sticky":false,"template":"","format":"standard","meta":{"footnotes":""},"categories":[77,145],"tags":[],"class_list":["post-7230","post","type-post","status-publish","format-standard","hentry","category-cilip-071","category-meldungen-europa"],"_links":{"self":[{"href":"https:\/\/wp-dev.daten.cool\/index.php?rest_route=\/wp\/v2\/posts\/7230","targetHints":{"allow":["GET"]}}],"collection":[{"href":"https:\/\/wp-dev.daten.cool\/index.php?rest_route=\/wp\/v2\/posts"}],"about":[{"href":"https:\/\/wp-dev.daten.cool\/index.php?rest_route=\/wp\/v2\/types\/post"}],"author":[{"embeddable":true,"href":"https:\/\/wp-dev.daten.cool\/index.php?rest_route=\/wp\/v2\/users\/9"}],"replies":[{"embeddable":true,"href":"https:\/\/wp-dev.daten.cool\/index.php?rest_route=%2Fwp%2Fv2%2Fcomments&post=7230"}],"version-history":[{"count":0,"href":"https:\/\/wp-dev.daten.cool\/index.php?rest_route=\/wp\/v2\/posts\/7230\/revisions"}],"wp:attachment":[{"href":"https:\/\/wp-dev.daten.cool\/index.php?rest_route=%2Fwp%2Fv2%2Fmedia&parent=7230"}],"wp:term":[{"taxonomy":"category","embeddable":true,"href":"https:\/\/wp-dev.daten.cool\/index.php?rest_route=%2Fwp%2Fv2%2Fcategories&post=7230"},{"taxonomy":"post_tag","embeddable":true,"href":"https:\/\/wp-dev.daten.cool\/index.php?rest_route=%2Fwp%2Fv2%2Ftags&post=7230"}],"curies":[{"name":"wp","href":"https:\/\/api.w.org\/{rel}","templated":true}]}}