{"id":7233,"date":"2002-02-08T17:49:09","date_gmt":"2002-02-08T17:49:09","guid":{"rendered":"https:\/\/www.cilip.de\/?p=7233"},"modified":"2002-02-08T17:49:09","modified_gmt":"2002-02-08T17:49:09","slug":"planungen-fuer-das-sis-ii","status":"publish","type":"post","link":"https:\/\/wp-dev.daten.cool\/?p=7233","title":{"rendered":"Planungen f\u00fcr das SIS II"},"content":{"rendered":"<p>Mit dem Wind des 11. Septembers im R\u00fccken hat die SIS-Arbeitsgruppe des Rates die Planungen f\u00fcr das Schengener Informationssystem der zweiten Generation erheblich vorangetrieben. Das System wird technisch von der EU-Kommission entwickelt und \u00fcber den Gemeinschaftshaushalt finanziert. Der Rat nahm hierzu am 6. Dezember eine Verordnung (1. S\u00e4ule) und einen Beschluss (3. S\u00e4ule) an.<a href=\"#_ftn1\" name=\"_ftnref1\">[1]<\/a><!--more--><\/p>\n<p>Auch hinsichtlich der \u201eAnforderungen\u201c an das SIS II<a href=\"#_ftn2\" name=\"_ftnref2\">[2]<\/a> sind wesentliche Entscheidungen bereits gefallen oder zumindest vorgezeichnet. Dies betrifft zum einen die Frage, welche zus\u00e4tzlichen Stellen Zugang zum SIS II erhalten sollen. Weitgehend einig ist man sich \u00fcber Zugriffsrechte f\u00fcr Eurojust und Europol. Hier bed\u00fcrfte es zus\u00e4tzlicher technischer Vorkehrungen, da diese beiden Institutionen nicht \u00fcber eine nationale SIS-Komponente angeschlossen werden k\u00f6nnen. F\u00fcr den technischen Aufbau des SIS irrelevant sind dagegen Zugriffsm\u00f6glichkeiten weiterer nationaler Stellen: Grunds\u00e4tzlich abgesegnet ist der Anschluss von Kraftfahrzeugregisterbeh\u00f6rden, \u201eBeh\u00f6rden, die Aufenthaltstitel erteilen\u201c, sowie Staatsanwaltschaften bzw. Untersuchungsbeh\u00f6rden. Debattiert wird noch, ob Asylbeh\u00f6rden nach Aufbau von Eurodac den Zugang zum SIS brauchen, ob Sozial\u00e4mter auf Daten \u00fcber gestohlene, ung\u00fcltige bzw. gef\u00e4lschte Identit\u00e4tspapiere zum Zweck der \u201eBek\u00e4mpfung grenz\u00fcberschreitender Finanzkriminalit\u00e4t\u201c (d.h. unrechtm\u00e4\u00dfigem Sozialhilfebezug) haben sollen und ob nicht-staatliche Stellen, konkret: zentrale Auskunftstellen des Kreditwesens (SchuFa) am SIS beteiligt werden d\u00fcrfen. Der Zugang von Inlandsgeheimdiensten zum Zweck der \u201eTerrorismusbek\u00e4mpfung\u201c wird noch gepr\u00fcft. Grunds\u00e4tzlich steht der Rat diesem Vorhaben positiv gegen\u00fcber.<\/p>\n<p>Weit fortgeschritten ist auch die Debatte \u00fcber neue Datenkategorien und \u201eFunktionalit\u00e4ten\u201c: So sollen Ausschreibungen von Personen, Fahrzeugen und sonstigen Sachen miteinander verkn\u00fcpft und Abfragen anhand unvollst\u00e4ndiger Daten erm\u00f6glicht werden. Neue Kategorien wird es zum einen f\u00fcr die Sachfahndung geben (Schiffe, Flugzeuge, Container, ung\u00fcltige, ge- und verf\u00e4lschte Identit\u00e4tsdokumente, Fahrzeugscheine, Visa, Schecks und Aktien, ggf. Kunstgegenst\u00e4nde und Tiere).<\/p>\n<p>Fahnden will man ferner nach Personen, denen die Ausreise verboten ist (minderj\u00e4hrige Kinder, Strafgefangene auf Hafturlaub). Gegen eine Kategorie \u201epotenziell gewaltt\u00e4tige Randalierer\u201c (Verhinderung der Teilnahme an Demonstrationen oder Fu\u00dfballspielen) haben Schweden, Finnland und Norwegen noch Vorbehalte. Gepr\u00fcft wird ferner, ob Nicht-EU-B\u00fcrgerInnen bei der Einreise automatisch im SIS zu speichern sind oder ob diese Daten nicht besser in einer eigenst\u00e4ndigen, aber mit dem SIS verlinkten Datenbank zu erfassen w\u00e4ren. Grunds\u00e4tzlich einig ist sich der Rat, dass Daten \u00fcber Visaerteilungen ausgetauscht werden sollen; unklar ist, ob dieser Austausch \u00fcber das SIS erfolgen soll. Noch offen ist ferner, welche erkennungsdienstlichen Daten im SIS selbst gespeichert werden (ggf. Fotos) und ob zus\u00e4tzliche Links zu nationalen Datensystemen (Fingerabdr\u00fccke, biometrische Daten, DNA-Profile) gesetzt werden d\u00fcrfen. Als Reaktion auf den 11. September ist auch eine zus\u00e4tzliche Datenbank \u00fcber \u201eTerroristen\u201c im Gespr\u00e4ch, die im Rahmen des SIS errichtet werden soll, auf die aber nur Geheimdienste und politische Polizeien zugriffsberechtigt w\u00e4ren. Das urspr\u00fcngliche SIS entsprach dem Konzept eines polizeilichen Fahndungssystems. Das SIS II droht zu einer Allround-Datenbank f\u00fcr den \u201eSicherheitsbereich\u201c zu werden.<\/p>\n<p>(Heiner Busch)<\/p>\n<h5><a href=\"#_ftnref1\" name=\"_ftn1\">[1]<\/a>\u00a0\u00a0\u00a0\u00a0\u00a0 Amtsblatt der Europ\u00e4ischen Gemeinschaften, Nr. L 328 v. 13.12.2001, S. 1-6<\/h5>\n<h5><a href=\"#_ftnref2\" name=\"_ftn2\">[2]<\/a>\u00a0\u00a0\u00a0\u00a0 Ratsdok. 6164\/5\/01, 13269\/01, 14094\/01, 14790\/01, 5968\/02, 5969\/02, 5970\/02<\/h5>\n","protected":false},"excerpt":{"rendered":"<p>Mit dem Wind des 11. Septembers im R\u00fccken hat die SIS-Arbeitsgruppe des Rates die Planungen<\/p>\n","protected":false},"author":9,"featured_media":0,"comment_status":"closed","ping_status":"open","sticky":false,"template":"","format":"standard","meta":{"footnotes":""},"categories":[77,145],"tags":[],"class_list":["post-7233","post","type-post","status-publish","format-standard","hentry","category-cilip-071","category-meldungen-europa"],"_links":{"self":[{"href":"https:\/\/wp-dev.daten.cool\/index.php?rest_route=\/wp\/v2\/posts\/7233","targetHints":{"allow":["GET"]}}],"collection":[{"href":"https:\/\/wp-dev.daten.cool\/index.php?rest_route=\/wp\/v2\/posts"}],"about":[{"href":"https:\/\/wp-dev.daten.cool\/index.php?rest_route=\/wp\/v2\/types\/post"}],"author":[{"embeddable":true,"href":"https:\/\/wp-dev.daten.cool\/index.php?rest_route=\/wp\/v2\/users\/9"}],"replies":[{"embeddable":true,"href":"https:\/\/wp-dev.daten.cool\/index.php?rest_route=%2Fwp%2Fv2%2Fcomments&post=7233"}],"version-history":[{"count":0,"href":"https:\/\/wp-dev.daten.cool\/index.php?rest_route=\/wp\/v2\/posts\/7233\/revisions"}],"wp:attachment":[{"href":"https:\/\/wp-dev.daten.cool\/index.php?rest_route=%2Fwp%2Fv2%2Fmedia&parent=7233"}],"wp:term":[{"taxonomy":"category","embeddable":true,"href":"https:\/\/wp-dev.daten.cool\/index.php?rest_route=%2Fwp%2Fv2%2Fcategories&post=7233"},{"taxonomy":"post_tag","embeddable":true,"href":"https:\/\/wp-dev.daten.cool\/index.php?rest_route=%2Fwp%2Fv2%2Ftags&post=7233"}],"curies":[{"name":"wp","href":"https:\/\/api.w.org\/{rel}","templated":true}]}}