{"id":7250,"date":"2001-08-08T17:57:32","date_gmt":"2001-08-08T17:57:32","guid":{"rendered":"https:\/\/www.cilip.de\/?p=7250"},"modified":"2001-08-08T17:57:32","modified_gmt":"2001-08-08T17:57:32","slug":"entwurf-eines-informationsfreiheitsgesetzes","status":"publish","type":"post","link":"https:\/\/wp-dev.daten.cool\/?p=7250","title":{"rendered":"Entwurf eines Informationsfreiheitsgesetzes"},"content":{"rendered":"<p>Im Juni ver\u00f6ffentlichte das Bundesinnenministerium den Entwurf eines \u201eInformationsfreiheitsgesetzes\u201c (IFG), das in der Koalitionsvereinbarung f\u00fcr diese Legislaturperiode vereinbart worden war. Das Gesetz postuliert in \u00a7 1 einen Grundsatz, der mit dem hergebrachten Prinzip der Amtsverschwiegenheit endlich bricht: \u201eJeder hat nach Ma\u00dfgabe dieses Gesetzes gegen\u00fcber den Beh\u00f6rden des Bundes ein Recht auf Zugang zu amtlichen Informationen.\u201c Wie bei allen derartigen Gesetzen entscheiden die Ausnahmen von diesem Grundsatz \u00fcber die tats\u00e4chliche Reichweite der Informationsfreiheit. <!--more-->Der Entwurf enth\u00e4lt Bestimmungen \u00fcber vier Ausnahmen, die den Schutz von \u201eGemeinwohlinteressen\u201c, von \u201eVerwaltungsabl\u00e4ufen\u201c, von \u201eBetriebs- und Gesch\u00e4ftsgeheimnissen\u201c und den Schutz \u201epersonenbezogener Daten\u201c betreffen. Besonders gro\u00dfz\u00fcgig werden die Ausnahmen hinsichtlich des Schutzes von \u201eGemeinwohlinteressen\u201c formuliert. So besteht kein Zugangsrecht, wenn eine Information \u201edie internationalen Beziehungen, die Landesverteidigung oder Belange des Staatsschutzes ber\u00fchrt\u201c. F\u00fcr diese Politikbereiche wird die Informationsfreiheit au\u00dfer Kraft gesetzt. Sofern der Zugang zu Dokumenten \u201eeine Gefahr f\u00fcr die \u00f6ffentliche Sicherheit verursachen kann\u201c, muss der Zugang auch verweigert werden. Diese Formulierung erlaubt, weite Bereiche der Polizei und der Justiz weiterhin vor \u00f6ffentlichem Einblick zu sch\u00fctzen. Wie sehr das staats-sch\u00fctzerische Bem\u00fchen den Entwurf dominiert, zeigt auch die Vorschrift \u00fcber die Vertraulichkeit beh\u00f6rdlicher Beratungen: Ausweislich der Begr\u00fcndung sollen Gesetzentw\u00fcrfe erst dann zug\u00e4nglich sein, wenn sie vom Kabinett beschlossen worden sind \u2013 d.h. der jetzige Entwurf, da noch nicht von der Bundesregierung beschlossen, w\u00e4re nach den IFG-Bestimmungen nicht zug\u00e4nglich! Erheblicher Nachbesserungsbedarf ist angesagt. Informationen zum Stand der IFG-Gesetzgebung (auch in den Bundesl\u00e4ndern) sind zu finden unter: <a href=\"http:\/\/www.transparente-verwaltung.de\/\">http:\/\/www.transparente-verwaltung.de<\/a><\/p>\n<p>(Norbert P\u00fctter)<\/p>\n","protected":false},"excerpt":{"rendered":"<p>Im Juni ver\u00f6ffentlichte das Bundesinnenministerium den Entwurf eines \u201eInformationsfreiheitsgesetzes\u201c (IFG), das in der Koalitionsvereinbarung f\u00fcr<\/p>\n","protected":false},"author":10,"featured_media":0,"comment_status":"closed","ping_status":"open","sticky":false,"template":"","format":"standard","meta":{"footnotes":""},"categories":[75,146],"tags":[],"class_list":["post-7250","post","type-post","status-publish","format-standard","hentry","category-cilip-069","category-meldungen-inland"],"_links":{"self":[{"href":"https:\/\/wp-dev.daten.cool\/index.php?rest_route=\/wp\/v2\/posts\/7250","targetHints":{"allow":["GET"]}}],"collection":[{"href":"https:\/\/wp-dev.daten.cool\/index.php?rest_route=\/wp\/v2\/posts"}],"about":[{"href":"https:\/\/wp-dev.daten.cool\/index.php?rest_route=\/wp\/v2\/types\/post"}],"author":[{"embeddable":true,"href":"https:\/\/wp-dev.daten.cool\/index.php?rest_route=\/wp\/v2\/users\/10"}],"replies":[{"embeddable":true,"href":"https:\/\/wp-dev.daten.cool\/index.php?rest_route=%2Fwp%2Fv2%2Fcomments&post=7250"}],"version-history":[{"count":0,"href":"https:\/\/wp-dev.daten.cool\/index.php?rest_route=\/wp\/v2\/posts\/7250\/revisions"}],"wp:attachment":[{"href":"https:\/\/wp-dev.daten.cool\/index.php?rest_route=%2Fwp%2Fv2%2Fmedia&parent=7250"}],"wp:term":[{"taxonomy":"category","embeddable":true,"href":"https:\/\/wp-dev.daten.cool\/index.php?rest_route=%2Fwp%2Fv2%2Fcategories&post=7250"},{"taxonomy":"post_tag","embeddable":true,"href":"https:\/\/wp-dev.daten.cool\/index.php?rest_route=%2Fwp%2Fv2%2Ftags&post=7250"}],"curies":[{"name":"wp","href":"https:\/\/api.w.org\/{rel}","templated":true}]}}