{"id":7252,"date":"2001-08-08T17:58:15","date_gmt":"2001-08-08T17:58:15","guid":{"rendered":"https:\/\/www.cilip.de\/?p=7252"},"modified":"2001-08-08T17:58:15","modified_gmt":"2001-08-08T17:58:15","slug":"kritische-polizistinnen-vor-der-aufloesung","status":"publish","type":"post","link":"https:\/\/wp-dev.daten.cool\/?p=7252","title":{"rendered":"Kritische PolizistInnen vor der Aufl\u00f6sung?"},"content":{"rendered":"<p>Vermutlich nur noch ein Wunder kann die \u201eBundesarbeitsgemeinschaft Kritischer Polizistinnen und Polizisten (Hamburger Signal) e.V.\u201c vor dem endg\u00fcltigen Ende retten. Den vorl\u00e4ufigen H\u00f6hepunkt erreichte die Krise durch drei Unterlassungsklagen, ausgel\u00f6st durch eine Pressemitteilung des Vorstandes, in der Mobbing-Vorw\u00fcrfe gegen einen Berliner Polizeibeamten erhoben worden waren. Da die bisherigen Prozesse in diesem Streit verloren gingen, entstanden bereits Kosten von 10.000 bis 30.000 DM \u2013 eine Summe, die in jedem Fall durch Vereinsmittel nicht gedeckt werden kann. <!--more-->Das Finanzproblem ist jedoch nur ein Aspekt der Krise. Bereits im letzten Jahr waren drei Gr\u00fcndungsmitglieder ausgestiegen, weil bei den Kritischen nach Ihrer Ansicht die \u201eBesch\u00e4ftigung mit der Polizei\u201c an die Stelle der \u201epolitischen Auseinandersetzung \u00fcber gesellschaftspolitische Themen\u201c getreten sei. Au\u00dferdem, so der Schlussabsatz in der Austrittserkl\u00e4rung, sei \u201enach all den Jahren aktiven Eintretens f\u00fcr Grund- und Menschenrechte auch die Luft raus\u201c. Auf der Mitgliederversammlung im November 2000 wurde ein Aufl\u00f6sungsantrag abgelehnt. Mit einem neuen Vorstand sollte eine neue politische Standortbestimmung gesucht werden. Stattdessen eskalierten jedoch, beschleunigt durch die Berliner Mobbing-Vorw\u00fcrfe, die Probleme innerhalb des Vorstandes: Am 5. Mai w\u00e4hlte eine au\u00dferordentliche Mitgliederversammlung Thomas W\u00fcppesahl als Sprecher ab. Der Sprecher erkannte die Abwahl jedoch nicht an, da er die Rechtm\u00e4\u00dfigkeit der Versammlung bezweifelt(e). Im Anschluss an diese Vorg\u00e4nge erkl\u00e4rten u.a. die Vorstandsmitglieder Manfred Such, Dieter Schenk und Martin Herrnkind ihren Austritt. Ein erneuter Neuanfang ist gegenw\u00e4rtig nicht in Sicht. Dabei w\u00e4ren kritische Impulse innerhalb der deutschen Polizei heute genauso n\u00f6tig, wie sie es vor 15 Jahren waren, als sich das \u201eHamburger Signal\u201c gr\u00fcndete. Zu hoffen bleibt, dass die \u201eKritischen\u201c auch ohne ihre Vereinigung kritische PolizistInnen bleiben, und dass sich zuk\u00fcnftig Kooperationsformen herausbilden, die die Vereinzelung derjenigen verhindern, die dem Mainstream bundesrepublikanischer Polizeipolitik widerstehen.<\/p>\n<p>(Norbert P\u00fctter)<\/p>\n","protected":false},"excerpt":{"rendered":"<p>Vermutlich nur noch ein Wunder kann die \u201eBundesarbeitsgemeinschaft Kritischer Polizistinnen und Polizisten (Hamburger Signal) e.V.\u201c<\/p>\n","protected":false},"author":10,"featured_media":0,"comment_status":"closed","ping_status":"open","sticky":false,"template":"","format":"standard","meta":{"footnotes":""},"categories":[75,146],"tags":[],"class_list":["post-7252","post","type-post","status-publish","format-standard","hentry","category-cilip-069","category-meldungen-inland"],"_links":{"self":[{"href":"https:\/\/wp-dev.daten.cool\/index.php?rest_route=\/wp\/v2\/posts\/7252","targetHints":{"allow":["GET"]}}],"collection":[{"href":"https:\/\/wp-dev.daten.cool\/index.php?rest_route=\/wp\/v2\/posts"}],"about":[{"href":"https:\/\/wp-dev.daten.cool\/index.php?rest_route=\/wp\/v2\/types\/post"}],"author":[{"embeddable":true,"href":"https:\/\/wp-dev.daten.cool\/index.php?rest_route=\/wp\/v2\/users\/10"}],"replies":[{"embeddable":true,"href":"https:\/\/wp-dev.daten.cool\/index.php?rest_route=%2Fwp%2Fv2%2Fcomments&post=7252"}],"version-history":[{"count":0,"href":"https:\/\/wp-dev.daten.cool\/index.php?rest_route=\/wp\/v2\/posts\/7252\/revisions"}],"wp:attachment":[{"href":"https:\/\/wp-dev.daten.cool\/index.php?rest_route=%2Fwp%2Fv2%2Fmedia&parent=7252"}],"wp:term":[{"taxonomy":"category","embeddable":true,"href":"https:\/\/wp-dev.daten.cool\/index.php?rest_route=%2Fwp%2Fv2%2Fcategories&post=7252"},{"taxonomy":"post_tag","embeddable":true,"href":"https:\/\/wp-dev.daten.cool\/index.php?rest_route=%2Fwp%2Fv2%2Ftags&post=7252"}],"curies":[{"name":"wp","href":"https:\/\/api.w.org\/{rel}","templated":true}]}}