{"id":7269,"date":"2001-02-08T18:06:02","date_gmt":"2001-02-08T18:06:02","guid":{"rendered":"https:\/\/www.cilip.de\/?p=7269"},"modified":"2001-02-08T18:06:02","modified_gmt":"2001-02-08T18:06:02","slug":"dna-datenaustausch","status":"publish","type":"post","link":"https:\/\/wp-dev.daten.cool\/?p=7269","title":{"rendered":"DNA-Datenaustausch"},"content":{"rendered":"<p>DNA-Daten sollen nicht nur im SIS der zweiten Generation erh\u00e4ltlich sein, sondern auch \u00fcber einen bei Europol einzurichtenden Server ausgetauscht werden k\u00f6nnen, sofern es sich um Straftaten handelt, f\u00fcr die Europol zust\u00e4ndig ist. Letzteres ist im Entwurf einer Ratsentschlie\u00dfung \u00fcber den Austausch von DNA-Analyse-Ergebnissen vorgesehen, der gegenw\u00e4rtig in der Polizeiarbeitsgruppe diskutiert wird.<a href=\"#_ftn1\" name=\"_ftnref1\">[1]<\/a> Mit diesem Entwurf kommt man auf eine Entschlie\u00dfung aus dem Jahre 1997 zur\u00fcck, in der die Mitgliedstaaten aufgefordert worden waren, kompatible DNA-Datenbanken aufzubauen.<a href=\"#_ftn2\" name=\"_ftnref2\">[2]<\/a><!--more--><\/p>\n<p>Im Anhang des neuerlichen Vorschlags ist nicht nur ein Formular f\u00fcr den Austausch, sondern auch ein vom Europ\u00e4ischen Netzwerk der gerichtsmedizinischen Institute (ENFSI) erarbeitetes Standardset von \u201eMarkern\u201c enthalten, die den Vergleich problemlos erm\u00f6glichen sollen. W\u00e4hrend auf der technischen Seite alles seinen gewohnt schnellen Gang geht, h\u00e4lt man einen besonderen Rechtsschutz offensichtlich nicht f\u00fcr erforderlich. Der Entwurf enth\u00e4lt weder einen Deliktskatalog noch eine Begrenzung hinsichtlich der Verwendung der ausgetauschten Daten. Zwar ist man sich dar\u00fcber einig, dass nur die Inhalte der nicht-codie\u00adrenden Abschnitte der DNA analysiert und weitergegeben werden d\u00fcrfen. Die niederl\u00e4ndische Delegation schl\u00e4gt aber bereits vor, dass bei Analysen biologischer Spuren, sofern die Technik es zul\u00e4sst, auch Angaben \u00fcber \u201eVolkszugeh\u00f6rigkeit und Rasse\u201c, Geschlecht sowie Augen- und Haarfarbe zu erfassen seien, die dann als Fahndungsmerkmale verwendet werden k\u00f6nnten.<a href=\"#_ftn3\" name=\"_ftnref3\">[3]<\/a><\/p>\n<p>(Heinrich Busch)<\/p>\n<h5><a href=\"#_ftnref1\" name=\"_ftn1\">[1]<\/a>\u00a0\u00a0\u00a0\u00a0\u00a0 Dok. 8937\/00 Rev. 1 \u2013 Enfopol 36 v. 17.7.2000<\/h5>\n<h5><a href=\"#_ftnref2\" name=\"_ftn2\">[2]<\/a>\u00a0\u00a0\u00a0\u00a0 Amtsblatt der Europ\u00e4ischen Gemeinschaften 1997, Nr. C 193, S. 4<\/h5>\n<h5><a href=\"#_ftnref3\" name=\"_ftn3\">[3]<\/a>\u00a0\u00a0\u00a0\u00a0 Dok. 5335\/01 Enfopol 5 v. 17.1.2001<\/h5>\n","protected":false},"excerpt":{"rendered":"<p>DNA-Daten sollen nicht nur im SIS der zweiten Generation erh\u00e4ltlich sein, sondern auch \u00fcber einen<\/p>\n","protected":false},"author":9,"featured_media":0,"comment_status":"closed","ping_status":"open","sticky":false,"template":"","format":"standard","meta":{"footnotes":""},"categories":[74,145],"tags":[],"class_list":["post-7269","post","type-post","status-publish","format-standard","hentry","category-cilip-068","category-meldungen-europa"],"_links":{"self":[{"href":"https:\/\/wp-dev.daten.cool\/index.php?rest_route=\/wp\/v2\/posts\/7269","targetHints":{"allow":["GET"]}}],"collection":[{"href":"https:\/\/wp-dev.daten.cool\/index.php?rest_route=\/wp\/v2\/posts"}],"about":[{"href":"https:\/\/wp-dev.daten.cool\/index.php?rest_route=\/wp\/v2\/types\/post"}],"author":[{"embeddable":true,"href":"https:\/\/wp-dev.daten.cool\/index.php?rest_route=\/wp\/v2\/users\/9"}],"replies":[{"embeddable":true,"href":"https:\/\/wp-dev.daten.cool\/index.php?rest_route=%2Fwp%2Fv2%2Fcomments&post=7269"}],"version-history":[{"count":0,"href":"https:\/\/wp-dev.daten.cool\/index.php?rest_route=\/wp\/v2\/posts\/7269\/revisions"}],"wp:attachment":[{"href":"https:\/\/wp-dev.daten.cool\/index.php?rest_route=%2Fwp%2Fv2%2Fmedia&parent=7269"}],"wp:term":[{"taxonomy":"category","embeddable":true,"href":"https:\/\/wp-dev.daten.cool\/index.php?rest_route=%2Fwp%2Fv2%2Fcategories&post=7269"},{"taxonomy":"post_tag","embeddable":true,"href":"https:\/\/wp-dev.daten.cool\/index.php?rest_route=%2Fwp%2Fv2%2Ftags&post=7269"}],"curies":[{"name":"wp","href":"https:\/\/api.w.org\/{rel}","templated":true}]}}