{"id":7283,"date":"2000-12-08T18:11:27","date_gmt":"2000-12-08T18:11:27","guid":{"rendered":"https:\/\/www.cilip.de\/?p=7283"},"modified":"2000-12-08T18:11:27","modified_gmt":"2000-12-08T18:11:27","slug":"fenstersprung-eines-kurdischen-asylsuchenden","status":"publish","type":"post","link":"https:\/\/wp-dev.daten.cool\/?p=7283","title":{"rendered":"Fenstersprung eines kurdischen Asylsuchenden"},"content":{"rendered":"<p>Mit gezogenen Pistolen st\u00fcrmen am 24.11.2000 uniformierte Polizeibeamte die Psychotherapeutische Beratungsstelle Xenion in Berlin. Sie suchen den Asylbewerber Davut K., der in die T\u00fcrkei abgeschoben werden soll. Der 17-j\u00e4hrige Kurde war beim Schwarzfahren erwischt und von der Polizei bis zu der Praxis verfolgt worden. Als die Beamten gegen den Willen des Therapeuten in die R\u00e4ume eindringen, springt K. aus Angst vor den Verfolgern aus dem Fenster und verletzt sich lebensgef\u00e4hrlich.<!--more--><\/p>\n<p>Der martialische Auftritt der Polizei in einer Beratungsstelle, die von Folter und Krieg traumatisierte Fl\u00fcchtlinge behandelt, ist nicht der einzige Beh\u00f6rdenskandal in diesem Fall. K. war bereits im Alter von 15 Jahren als mutma\u00dfliches PKK-Mitglied von t\u00fcrkischen Milit\u00e4rs inhaftiert worden. Unter Folter, so erkl\u00e4rt er im Asylverfahren, habe er sich bereit erkl\u00e4rt, gegen andere Aktivisten auszusagen, worauf die Haft ausgesetzt worden und er nach Deutschland geflohen sei. Das Bundesamt f\u00fcr die Anerkennung ausl\u00e4ndischer Fl\u00fcchtlinge deklariert jedoch die Papiere des Jugendlichen als F\u00e4lschungen und lehnt den Asylantrag ab. Auch das Verwaltungsgericht best\u00e4tigt diese Entscheidung ohne weitere Pr\u00fcfung der vorgelegten Kopien. Erst Recherchen des Nachrichtenmagazins \u201eKontraste\u201c beim t\u00fcrkischen Sicherheitsgericht ergeben die Echtheit von Anklageschrift, Haftbefehl und Haftentlassungsschein.<\/p>\n<p>Der Nieders\u00e4chsische Fl\u00fcchtlingsrat kritisierte angesichts dieses Falles die fahrl\u00e4ssige Praxis deutscher Beh\u00f6rden. Dokumentiert seien 32 Asylantr\u00e4ge von Kurden, die zu Unrecht abgelehnt wurden; dies sei jedoch nur die Spitze des Eisbergs. Doch die Beh\u00f6rden leugnen ihre Verantwortung ebenso wie die Polizei. Anstatt das Verhalten seiner Beamten am Grundsatz der Verh\u00e4ltnism\u00e4\u00dfigkeit zu \u00fcberpr\u00fcfen, spricht Berlins Polizeipr\u00e4sident Hagen Saberschinsky von einem \u201etragischen Fall\u201c. Zwar wurde ein Ermittlungsverfahren eingeleitet \u2013 allerdings nicht gegen die Polizisten, sondern gegen den Therapeuten und seine Sekret\u00e4rin wegen unterlassener Hilfeleistung und Widerstandes.<\/p>\n<p>(Christine Hohmeyer)<\/p>\n","protected":false},"excerpt":{"rendered":"<p>Mit gezogenen Pistolen st\u00fcrmen am 24.11.2000 uniformierte Polizeibeamte die Psychotherapeutische Beratungsstelle Xenion in Berlin. Sie<\/p>\n","protected":false},"author":2,"featured_media":0,"comment_status":"closed","ping_status":"open","sticky":false,"template":"","format":"standard","meta":{"footnotes":""},"categories":[73,146],"tags":[],"class_list":["post-7283","post","type-post","status-publish","format-standard","hentry","category-cilip-067","category-meldungen-inland"],"_links":{"self":[{"href":"https:\/\/wp-dev.daten.cool\/index.php?rest_route=\/wp\/v2\/posts\/7283","targetHints":{"allow":["GET"]}}],"collection":[{"href":"https:\/\/wp-dev.daten.cool\/index.php?rest_route=\/wp\/v2\/posts"}],"about":[{"href":"https:\/\/wp-dev.daten.cool\/index.php?rest_route=\/wp\/v2\/types\/post"}],"author":[{"embeddable":true,"href":"https:\/\/wp-dev.daten.cool\/index.php?rest_route=\/wp\/v2\/users\/2"}],"replies":[{"embeddable":true,"href":"https:\/\/wp-dev.daten.cool\/index.php?rest_route=%2Fwp%2Fv2%2Fcomments&post=7283"}],"version-history":[{"count":0,"href":"https:\/\/wp-dev.daten.cool\/index.php?rest_route=\/wp\/v2\/posts\/7283\/revisions"}],"wp:attachment":[{"href":"https:\/\/wp-dev.daten.cool\/index.php?rest_route=%2Fwp%2Fv2%2Fmedia&parent=7283"}],"wp:term":[{"taxonomy":"category","embeddable":true,"href":"https:\/\/wp-dev.daten.cool\/index.php?rest_route=%2Fwp%2Fv2%2Fcategories&post=7283"},{"taxonomy":"post_tag","embeddable":true,"href":"https:\/\/wp-dev.daten.cool\/index.php?rest_route=%2Fwp%2Fv2%2Ftags&post=7283"}],"curies":[{"name":"wp","href":"https:\/\/api.w.org\/{rel}","templated":true}]}}