{"id":7287,"date":"2000-08-08T18:13:28","date_gmt":"2000-08-08T18:13:28","guid":{"rendered":"https:\/\/www.cilip.de\/?p=7287"},"modified":"2000-08-08T18:13:28","modified_gmt":"2000-08-08T18:13:28","slug":"prozess-gegen-beamte-der-muenchner-wiesn-wache","status":"publish","type":"post","link":"https:\/\/wp-dev.daten.cool\/?p=7287","title":{"rendered":"Prozess gegen Beamte der M\u00fcnchner Wies\u2019n-Wache"},"content":{"rendered":"<p>Am 18. Juli 2000 wurde der Polizeiobermeister Thomas W. zu zwei Jahren und neun Monaten Haft verurteilt. Das Amtsgericht M\u00fcnchen sprach ihn der Verfolgung Unschuldiger, der f\u00fcnffachen gef\u00e4hrlichen K\u00f6rperverletzung im Amt sowie der vierfachen Freiheitsberaubung schuldig. Der Gruppenleiter hatte, zusammen mit drei weiteren Kollegen, w\u00e4hrend des Oktoberfestes 1998 sechs Menschen ohne triftigen Grund festgenommen. Auf der Wache hatte er diese mit Fausthieben, Stockschl\u00e4gen und Fu\u00dftritten misshandelt. <!--more-->Ein Opfer erlitt eine Gehirnersch\u00fctterung und einen Innenohrschaden. Der Angeklagte hatte nach anf\u00e4nglichem Leugnen \u201e\u00e4u\u00dferst ung\u00fcnstiges Ausflippen\u201c<a href=\"#_ftn1\" name=\"_ftnref1\">[1]<\/a> einger\u00e4umt und sich bei seinem Opfer entschuldigt. Die drei mitangeklagten Kollegen wurden wegen gef\u00e4hrlicher K\u00f6rperverletzung im Amt zu Bew\u00e4hrungsstrafen von neun, elf und vierzehn Monaten verurteilt.<\/p>\n<p>Schockiert zeigte sich Richterin Benesch in ihrer Urteilsbegr\u00fcndung. Angesichts der Vorf\u00e4lle sei ihr bisheriger \u201eGlaube an den Rechtsstaat\u201c ersch\u00fcttert: \u201eIch m\u00f6chte gar nicht wissen, wie viele Unschuldige ich verurteilt habe, nur weil Beamte Anzeige erstattet haben, um eigene \u00dcbergriffe zu vertuschen.\u201c<a href=\"#_ftn2\" name=\"_ftnref2\">[2]<\/a> Besonders kritisierte sie \u201efalsch verstandene Kameraderie\u201c und Corpsgeist. Das schweigende Zusehen der Kollegen habe sie \u201ean ungute Zeiten der deutschen Vergangenheit\u201c erinnert.<a href=\"#_ftn3\" name=\"_ftnref3\">[3]<\/a><\/p>\n<p>Um mehr Transparenz in die Skandalserie bei der bayerischen Polizei zu bringen, hatten die Gr\u00fcnen zuvor im Landtag eine Anfrage an die bayerische Staatsregierung gestellt. Diese erbrachte, dass von 1997-1999 2.400 Strafermittlungs- und 545 Disziplinarverfahren gegen bayerische Polizeibeamte eingeleitet worden waren. Innenminister G\u00fcnther Beckstein kritisierte diesen \u201epolitisch motivierten Aktionismus zu Lasten der Polizei\u201c und verwies auf seinen 9-Punkte-Ma\u00dfnahmen-Katalog, der bereits letztes Jahr erstellt worden war. Auch das M\u00fcnchner Polizeipr\u00e4sidium sprach anl\u00e4sslich des Urteils von einem \u201eFehlverhalten einzelner\u201c. Dar\u00fcber hinaus verspreche man sich Besserung durch das geplante EDV-System zur Fr\u00fcherkennung problematischer Entwicklungen.<\/p>\n<p>(Christine Hohmeyer)<\/p>\n<h5><a href=\"#_ftnref1\" name=\"_ftn1\">[1]<\/a>\u00a0\u00a0\u00a0\u00a0\u00a0 Die Welt v. 19.7.2000<\/h5>\n<h5><a href=\"#_ftnref2\" name=\"_ftn2\">[2]<\/a>\u00a0\u00a0\u00a0\u00a0 N\u00fcrnberger Nachrichten online v. 21.7.2000<\/h5>\n<h5><a href=\"#_ftnref3\" name=\"_ftn3\">[3]<\/a>\u00a0\u00a0\u00a0\u00a0 S\u00fcddeutsche Zeitung v. 19.7.2000<\/h5>\n","protected":false},"excerpt":{"rendered":"<p>Am 18. Juli 2000 wurde der Polizeiobermeister Thomas W. zu zwei Jahren und neun Monaten<\/p>\n","protected":false},"author":2,"featured_media":0,"comment_status":"closed","ping_status":"open","sticky":false,"template":"","format":"standard","meta":{"footnotes":""},"categories":[72,146],"tags":[],"class_list":["post-7287","post","type-post","status-publish","format-standard","hentry","category-cilip-066","category-meldungen-inland"],"_links":{"self":[{"href":"https:\/\/wp-dev.daten.cool\/index.php?rest_route=\/wp\/v2\/posts\/7287","targetHints":{"allow":["GET"]}}],"collection":[{"href":"https:\/\/wp-dev.daten.cool\/index.php?rest_route=\/wp\/v2\/posts"}],"about":[{"href":"https:\/\/wp-dev.daten.cool\/index.php?rest_route=\/wp\/v2\/types\/post"}],"author":[{"embeddable":true,"href":"https:\/\/wp-dev.daten.cool\/index.php?rest_route=\/wp\/v2\/users\/2"}],"replies":[{"embeddable":true,"href":"https:\/\/wp-dev.daten.cool\/index.php?rest_route=%2Fwp%2Fv2%2Fcomments&post=7287"}],"version-history":[{"count":0,"href":"https:\/\/wp-dev.daten.cool\/index.php?rest_route=\/wp\/v2\/posts\/7287\/revisions"}],"wp:attachment":[{"href":"https:\/\/wp-dev.daten.cool\/index.php?rest_route=%2Fwp%2Fv2%2Fmedia&parent=7287"}],"wp:term":[{"taxonomy":"category","embeddable":true,"href":"https:\/\/wp-dev.daten.cool\/index.php?rest_route=%2Fwp%2Fv2%2Fcategories&post=7287"},{"taxonomy":"post_tag","embeddable":true,"href":"https:\/\/wp-dev.daten.cool\/index.php?rest_route=%2Fwp%2Fv2%2Ftags&post=7287"}],"curies":[{"name":"wp","href":"https:\/\/api.w.org\/{rel}","templated":true}]}}