{"id":7289,"date":"2000-08-08T18:14:28","date_gmt":"2000-08-08T18:14:28","guid":{"rendered":"https:\/\/www.cilip.de\/?p=7289"},"modified":"2000-08-08T18:14:28","modified_gmt":"2000-08-08T18:14:28","slug":"bedrohung-durch-organisierte-kriminalitaet","status":"publish","type":"post","link":"https:\/\/wp-dev.daten.cool\/?p=7289","title":{"rendered":"Bedrohung durch \u201eOrganisierte Kriminalit\u00e4t\u201c"},"content":{"rendered":"<p>Am 3.7.2000 stellte Bundesinnenminister Otto Schily das \u201eLagebild \u201aOrganisierte Kriminalit\u00e4t 1999\u2018\u201c vor. Unter dem seit Jahren bei der Pr\u00e4sentation der Lagebilder genutzten Motto \u201eStagnation auf hohem Niveau\u201c<a href=\"#_ftn1\" name=\"_ftnref1\">[1]<\/a> wurden die neuesten Zahlen \u00fcber das Ausma\u00df von Organisierter Kriminalit\u00e4t (OK) in Deutschland pr\u00e4sentiert. Trotz der leicht r\u00fcckl\u00e4ufigen Zahlen, so der Innenminister, stelle OK \u201eweiterhin eine ernstzunehmende Gefahr f\u00fcr die Innere Sicherheit in unserem Land\u201c dar.<a href=\"#_ftn2\" name=\"_ftnref2\">[2]<\/a> <!--more-->Statt auf \u201eStagnation\u201c deuten die Angaben jedoch eher darauf hin, dass die OK-Bedrohungsszenarien, mit denen im vergangenen Jahrzehnt Politik betrieben wurde, ma\u00dflos an der Wirklichkeit vorbeigingen: Im vierten Jahr in Folge ging die Zahl der gef\u00fchrten OK-Ermittlungsverfahren auf 816 zur\u00fcck.<\/p>\n<p>Seit 1992 (vorher gab es keine j\u00e4hrlichen Lagebilder) wurde noch nie gegen weniger Personen wegen OK-Verdacht ermittelt (7.777). Mit 5,6% waren auch noch nie so wenig OK-Verd\u00e4chtige bewaffnet. Der gesch\u00e4tzte Gewinn sank auf 1,4 Mrd. DM \u2013 das waren immerhin 400 Mio. DM weniger als im Vorjahr und \u00fcber 2 Mrd. DM weniger als 1994. Eine Steigerung verzeichnet das Lagebild allein bei der vagsten aller Angaben: Die gesch\u00e4tzten OK-Gewinne verdoppelten sich auf fast 2 Mrd. DM. Aus dem Lagebild erf\u00e4hrt man zudem, dass die Zahl der polizeilichen OK-Ermittler um 138 auf 2.743 gestiegen ist. Angesichts des vermehrten Personals und angesichts der in den letzten Jahren erweiterten polizeilichen Befugnisse scheint offenkundig mehr an \u201eOrganisierter Kriminalit\u00e4t\u201c in Deutschland einfach nicht vorhanden zu sein.<\/p>\n<p>(Norbert P\u00fctter)<\/p>\n<h5><a href=\"#_ftnref1\" name=\"_ftn1\">[1]<\/a>\u00a0\u00a0\u00a0\u00a0\u00a0 Frankfurter Rundschau v. 4.7.2000<\/h5>\n<h5><a href=\"#_ftnref2\" name=\"_ftn2\">[2]<\/a>\u00a0\u00a0\u00a0\u00a0 Bundesministerium des Innern: Pressemitteilung v. 3.7.2000<\/h5>\n","protected":false},"excerpt":{"rendered":"<p>Am 3.7.2000 stellte Bundesinnenminister Otto Schily das \u201eLagebild \u201aOrganisierte Kriminalit\u00e4t 1999\u2018\u201c vor. Unter dem seit<\/p>\n","protected":false},"author":10,"featured_media":0,"comment_status":"closed","ping_status":"open","sticky":false,"template":"","format":"standard","meta":{"footnotes":""},"categories":[72,146],"tags":[],"class_list":["post-7289","post","type-post","status-publish","format-standard","hentry","category-cilip-066","category-meldungen-inland"],"_links":{"self":[{"href":"https:\/\/wp-dev.daten.cool\/index.php?rest_route=\/wp\/v2\/posts\/7289","targetHints":{"allow":["GET"]}}],"collection":[{"href":"https:\/\/wp-dev.daten.cool\/index.php?rest_route=\/wp\/v2\/posts"}],"about":[{"href":"https:\/\/wp-dev.daten.cool\/index.php?rest_route=\/wp\/v2\/types\/post"}],"author":[{"embeddable":true,"href":"https:\/\/wp-dev.daten.cool\/index.php?rest_route=\/wp\/v2\/users\/10"}],"replies":[{"embeddable":true,"href":"https:\/\/wp-dev.daten.cool\/index.php?rest_route=%2Fwp%2Fv2%2Fcomments&post=7289"}],"version-history":[{"count":0,"href":"https:\/\/wp-dev.daten.cool\/index.php?rest_route=\/wp\/v2\/posts\/7289\/revisions"}],"wp:attachment":[{"href":"https:\/\/wp-dev.daten.cool\/index.php?rest_route=%2Fwp%2Fv2%2Fmedia&parent=7289"}],"wp:term":[{"taxonomy":"category","embeddable":true,"href":"https:\/\/wp-dev.daten.cool\/index.php?rest_route=%2Fwp%2Fv2%2Fcategories&post=7289"},{"taxonomy":"post_tag","embeddable":true,"href":"https:\/\/wp-dev.daten.cool\/index.php?rest_route=%2Fwp%2Fv2%2Ftags&post=7289"}],"curies":[{"name":"wp","href":"https:\/\/api.w.org\/{rel}","templated":true}]}}