{"id":7293,"date":"2000-08-08T18:15:46","date_gmt":"2000-08-08T18:15:46","guid":{"rendered":"https:\/\/www.cilip.de\/?p=7293"},"modified":"2000-08-08T18:15:46","modified_gmt":"2000-08-08T18:15:46","slug":"jungdemokratinnen-im-verfassungsschutzbericht-1999","status":"publish","type":"post","link":"https:\/\/wp-dev.daten.cool\/?p=7293","title":{"rendered":"JungdemokratInnen im Verfassungsschutzbericht 1999"},"content":{"rendered":"<p>Welche \u201eBestrebung\u201c zum Beobachtungsobjekt des Bundesamtes f\u00fcr Verfassungsschutz (BfV) oder der Landes\u00e4mter (LfV) wird, ist das Ergebnis einer politischen Entscheidung, die die Amtsleiter in Abstimmung mit dem Bundesminister des Inneren treffen. Eine Konsequenz dieser Entscheidung kann darin bestehen, dass die betreffende Organisation auch im Verfassungsschutzbericht erw\u00e4hnt und \u201eanalysiert\u201c wird.<!--more--><\/p>\n<p>Der neueste Verfassungsschutzbericht des Bundes bietet tats\u00e4chlich etwas Neues. Erstmals werden die JungdemokratInnen\/Junge Linke (JD\/JL) unter der Rubrik Linksextremismus eigens aufgef\u00fchrt. \u201eDie nach eigener Einsch\u00e4tzung \u201aradikaldemokratische\u2018 Organisation\u201c, so hei\u00dft es da, habe sich \u201ezu einem st\u00e4ndigen Partner von Linksextremisten in Aktionsb\u00fcndnissen, aber auch bei militanten St\u00f6rungen staatlicher Veranstaltungen\u201c entwickelt. Was das nunmehr von einem sozialdemokratischen Innenminister kontrollierte Schlapphut-Bundesamt dazu bewegt hat, die JD\/JL in seinem Bericht aufzuf\u00fchren, k\u00f6nnen wir nur erahnen. Eine politische Richtungs\u00e4nderung \u2013 und das spricht durchaus f\u00fcr die Organisation \u2013 ist bei den jungen Linken nicht zu erkennen. Dem BfV d\u00fcrfte vor allem die St\u00f6rung einer ganz bestimmten, hochnotpeinlichen \u201estaatlichen Veranstaltung\u201c, n\u00e4mlich des Rekrutengel\u00f6bnisses am 20. Juli 1999 im Berliner Bendlerblock, aufgesto\u00dfen sein. Die zum Schwure angetretenen Jungsoldaten wurden seinerzeit nicht nur mit Transparenten, sondern mit der Nacktheit ihrer Tr\u00e4gerInnen \u00fcberrascht.<\/p>\n<p>Den konfusen und mit Zitaten wirr best\u00fcckten BfV-Bericht k\u00f6nnte man bel\u00e4cheln, wenn er nicht habhafte Konsequenzen f\u00fcr die Organisation h\u00e4tte. Dieser drohen nach der Verrufserkl\u00e4rung der Entzug von F\u00f6rdergeldern und damit massive finanzielle Einbr\u00fcche.<\/p>\n<p>(Heiner Busch)<\/p>\n","protected":false},"excerpt":{"rendered":"<p>Welche \u201eBestrebung\u201c zum Beobachtungsobjekt des Bundesamtes f\u00fcr Verfassungsschutz (BfV) oder der Landes\u00e4mter (LfV) wird, ist<\/p>\n","protected":false},"author":9,"featured_media":0,"comment_status":"closed","ping_status":"open","sticky":false,"template":"","format":"standard","meta":{"footnotes":""},"categories":[72,146],"tags":[],"class_list":["post-7293","post","type-post","status-publish","format-standard","hentry","category-cilip-066","category-meldungen-inland"],"_links":{"self":[{"href":"https:\/\/wp-dev.daten.cool\/index.php?rest_route=\/wp\/v2\/posts\/7293","targetHints":{"allow":["GET"]}}],"collection":[{"href":"https:\/\/wp-dev.daten.cool\/index.php?rest_route=\/wp\/v2\/posts"}],"about":[{"href":"https:\/\/wp-dev.daten.cool\/index.php?rest_route=\/wp\/v2\/types\/post"}],"author":[{"embeddable":true,"href":"https:\/\/wp-dev.daten.cool\/index.php?rest_route=\/wp\/v2\/users\/9"}],"replies":[{"embeddable":true,"href":"https:\/\/wp-dev.daten.cool\/index.php?rest_route=%2Fwp%2Fv2%2Fcomments&post=7293"}],"version-history":[{"count":0,"href":"https:\/\/wp-dev.daten.cool\/index.php?rest_route=\/wp\/v2\/posts\/7293\/revisions"}],"wp:attachment":[{"href":"https:\/\/wp-dev.daten.cool\/index.php?rest_route=%2Fwp%2Fv2%2Fmedia&parent=7293"}],"wp:term":[{"taxonomy":"category","embeddable":true,"href":"https:\/\/wp-dev.daten.cool\/index.php?rest_route=%2Fwp%2Fv2%2Fcategories&post=7293"},{"taxonomy":"post_tag","embeddable":true,"href":"https:\/\/wp-dev.daten.cool\/index.php?rest_route=%2Fwp%2Fv2%2Ftags&post=7293"}],"curies":[{"name":"wp","href":"https:\/\/api.w.org\/{rel}","templated":true}]}}