{"id":7295,"date":"2000-08-08T18:16:40","date_gmt":"2000-08-08T18:16:40","guid":{"rendered":"https:\/\/www.cilip.de\/?p=7295"},"modified":"2000-08-08T18:16:40","modified_gmt":"2000-08-08T18:16:40","slug":"rechtshilfeuebereinkommen-unterzeichnet","status":"publish","type":"post","link":"https:\/\/wp-dev.daten.cool\/?p=7295","title":{"rendered":"Rechtshilfe\u00fcbereinkommen unterzeichnet"},"content":{"rendered":"<p>Nach \u00fcber vier Jahren Verhandlungsdauer ist die EU-Konvention \u00fcber Rechtshilfe in Strafsachen am 29. Mai unterzeichnet worden.<a href=\"#_ftn1\" name=\"_ftnref1\">[1]<\/a> Nationale Vorbehalte zu einzelnen Regelungen, die die Verabschiedung noch auf der Ratstagung vom 27. M\u00e4rz verhindert hatten, wurden zur\u00fcckgezogen. Gr\u00f6\u00dfere inhaltliche Ver\u00e4nderungen gab es dabei nicht mehr.<!--more--><\/p>\n<p>Die Unterzeichnung der Konvention verdeutlicht, wie sich der Rat die im Amsterdamer Vertrag vorgesehene Konsultation des Europ\u00e4ischen Parlaments (EP) vorstellt. Von den 64 Ver\u00e4nderungsw\u00fcnschen, die das EP im Februar vorgetragen hatte,<a href=\"#_ftn2\" name=\"_ftnref2\">[2]<\/a> wurden neun \u2013 allesamt unbedeutende Formulierungs\u00e4nderungen \u2013 aufgenommen. Die grunds\u00e4tzlichen Forderungen, u.a. eine st\u00e4rkere Ber\u00fccksichtigung der Verteidigungsrechte, b\u00fcgelte die Ratsarbeitsgruppe ab. Das EP hatte im August 1999 \u2013 w\u00e4hrend der Parlamentsferien \u2013 einen Entwurf zur Konsultation erhalten, war im Dezember \u00fcber weitere \u00c4nderungen informiert und immer wieder zur Eile gedr\u00e4ngt worden. Zu den inzwischen vorgenommenen Ver\u00e4nderungen am Vertragstext wird es nicht mehr konsultiert.<\/p>\n<p>(Heiner Busch)<\/p>\n<h5><a href=\"#_ftnref1\" name=\"_ftn1\">[1]<\/a>\u00a0\u00a0\u00a0\u00a0\u00a0 in: Amtsblatt der Europ\u00e4ischen Gemeinschaften C\u00a0197 v. 12.7.2000, S. 1-23<\/h5>\n<h5><a href=\"#_ftnref2\" name=\"_ftn2\">[2]<\/a>\u00a0\u00a0\u00a0\u00a0 Bericht Di Pietro: A5-19\/2000 v. 31.1.2000, angenommen am 17.2.2000<\/h5>\n","protected":false},"excerpt":{"rendered":"<p>Nach \u00fcber vier Jahren Verhandlungsdauer ist die EU-Konvention \u00fcber Rechtshilfe in Strafsachen am 29. Mai<\/p>\n","protected":false},"author":9,"featured_media":0,"comment_status":"closed","ping_status":"open","sticky":false,"template":"","format":"standard","meta":{"footnotes":""},"categories":[72,145],"tags":[],"class_list":["post-7295","post","type-post","status-publish","format-standard","hentry","category-cilip-066","category-meldungen-europa"],"_links":{"self":[{"href":"https:\/\/wp-dev.daten.cool\/index.php?rest_route=\/wp\/v2\/posts\/7295","targetHints":{"allow":["GET"]}}],"collection":[{"href":"https:\/\/wp-dev.daten.cool\/index.php?rest_route=\/wp\/v2\/posts"}],"about":[{"href":"https:\/\/wp-dev.daten.cool\/index.php?rest_route=\/wp\/v2\/types\/post"}],"author":[{"embeddable":true,"href":"https:\/\/wp-dev.daten.cool\/index.php?rest_route=\/wp\/v2\/users\/9"}],"replies":[{"embeddable":true,"href":"https:\/\/wp-dev.daten.cool\/index.php?rest_route=%2Fwp%2Fv2%2Fcomments&post=7295"}],"version-history":[{"count":0,"href":"https:\/\/wp-dev.daten.cool\/index.php?rest_route=\/wp\/v2\/posts\/7295\/revisions"}],"wp:attachment":[{"href":"https:\/\/wp-dev.daten.cool\/index.php?rest_route=%2Fwp%2Fv2%2Fmedia&parent=7295"}],"wp:term":[{"taxonomy":"category","embeddable":true,"href":"https:\/\/wp-dev.daten.cool\/index.php?rest_route=%2Fwp%2Fv2%2Fcategories&post=7295"},{"taxonomy":"post_tag","embeddable":true,"href":"https:\/\/wp-dev.daten.cool\/index.php?rest_route=%2Fwp%2Fv2%2Ftags&post=7295"}],"curies":[{"name":"wp","href":"https:\/\/api.w.org\/{rel}","templated":true}]}}