{"id":7313,"date":"2000-02-08T18:24:35","date_gmt":"2000-02-08T18:24:35","guid":{"rendered":"https:\/\/www.cilip.de\/?p=7313"},"modified":"2000-02-08T18:24:35","modified_gmt":"2000-02-08T18:24:35","slug":"videoueberwachung","status":"publish","type":"post","link":"https:\/\/wp-dev.daten.cool\/?p=7313","title":{"rendered":"Video\u00fcberwachung"},"content":{"rendered":"<p>Seit Anfang des Jahres wird in deutschen Landen eine heftige Debatte \u00fcber den Einsatz von Videokameras zur \u00dcberwachung \u00f6ffentlicher Stra\u00dfen und Pl\u00e4tze gef\u00fchrt, mit denen \u2013 so die Bef\u00fcrworterInnen \u2013 Straft\u00e4terInnen abgeschreckt und das Sicherheitsgef\u00fchl der wohlanst\u00e4ndigen B\u00fcrgerInnen gest\u00e4rkt werden sollen. Die Kontroverse r\u00fcckt immerhin die schon bisher installierten \u00dcberwachungskameras ins \u00f6ffentliche Bewusstsein.<!--more--><\/p>\n<p>Ansonsten folgt sie dem seit Jahrzehnten bekannten Muster der Politik \u201eInnerer Sicherheit\u201c: Lanciert wurde die Forderung zun\u00e4chst in Bayern und dann auf Bundesebene durch die vom Spendenskandal angeschlagene CDU, deren rechtspolitischer Sprecher J\u00fcrgen R\u00fcttgers zugleich einen Wahlkampf in Nordrhein-Westfalen f\u00fchrt. Der Vorschlag wurde nicht nur von den L\u00e4nder-Innenministern der CDU aufgegriffen, sondern erfuhr postwendend eine \u201edifferenzierte\u201c Antwort auch von sozialdemokratischen W\u00fcrdentr\u00e4gerInnen. Schlie\u00dflich sind auch in SPD-regierten St\u00e4dten (z.B. Leipzig) und Bundesl\u00e4ndern \u00dcberwachungskameras im Einsatz. Die Datenschutzbeauftragten konnten auf ihrer Fr\u00fchjahrskonferenz am 14.\/15. M\u00e4rz nur mehr R\u00fcckzugsgefechte f\u00fchren, d.h. einschr\u00e4nkende \u201egesetzliche Leitplanken\u201c fordern. Eine neue Novellierungsrunde der Polizeigesetze ist damit vorprogrammiert.<\/p>\n<p>\u00dcber die Video\u00fcberwachung im Vorreiterstaat Gro\u00dfbritannien (die Praxis, die Betroffenen und das uneingel\u00f6ste Versprechen der Kriminalit\u00e4tsreduktion) informierte B\u00fcrgerrechte &amp; Polizei\/CILIP in Heft 61.<\/p>\n","protected":false},"excerpt":{"rendered":"<p>Seit Anfang des Jahres wird in deutschen Landen eine heftige Debatte \u00fcber den Einsatz von<\/p>\n","protected":false},"author":2,"featured_media":0,"comment_status":"closed","ping_status":"open","sticky":false,"template":"","format":"standard","meta":{"footnotes":""},"categories":[71,146],"tags":[],"class_list":["post-7313","post","type-post","status-publish","format-standard","hentry","category-cilip-065","category-meldungen-inland"],"_links":{"self":[{"href":"https:\/\/wp-dev.daten.cool\/index.php?rest_route=\/wp\/v2\/posts\/7313","targetHints":{"allow":["GET"]}}],"collection":[{"href":"https:\/\/wp-dev.daten.cool\/index.php?rest_route=\/wp\/v2\/posts"}],"about":[{"href":"https:\/\/wp-dev.daten.cool\/index.php?rest_route=\/wp\/v2\/types\/post"}],"author":[{"embeddable":true,"href":"https:\/\/wp-dev.daten.cool\/index.php?rest_route=\/wp\/v2\/users\/2"}],"replies":[{"embeddable":true,"href":"https:\/\/wp-dev.daten.cool\/index.php?rest_route=%2Fwp%2Fv2%2Fcomments&post=7313"}],"version-history":[{"count":0,"href":"https:\/\/wp-dev.daten.cool\/index.php?rest_route=\/wp\/v2\/posts\/7313\/revisions"}],"wp:attachment":[{"href":"https:\/\/wp-dev.daten.cool\/index.php?rest_route=%2Fwp%2Fv2%2Fmedia&parent=7313"}],"wp:term":[{"taxonomy":"category","embeddable":true,"href":"https:\/\/wp-dev.daten.cool\/index.php?rest_route=%2Fwp%2Fv2%2Fcategories&post=7313"},{"taxonomy":"post_tag","embeddable":true,"href":"https:\/\/wp-dev.daten.cool\/index.php?rest_route=%2Fwp%2Fv2%2Ftags&post=7313"}],"curies":[{"name":"wp","href":"https:\/\/api.w.org\/{rel}","templated":true}]}}