{"id":7322,"date":"1999-12-08T18:28:33","date_gmt":"1999-12-08T18:28:33","guid":{"rendered":"https:\/\/www.cilip.de\/?p=7322"},"modified":"1999-12-08T18:28:33","modified_gmt":"1999-12-08T18:28:33","slug":"eurodac","status":"publish","type":"post","link":"https:\/\/wp-dev.daten.cool\/?p=7322","title":{"rendered":"EURODAC"},"content":{"rendered":"<p>Wie wir in der letzten Ausgabe berichteten, hat die Kommission bereits am 29.\u00a0Mai 1999, also nicht einmal einen Monat nach Inkrafttreten des Amsterdamer Vertrages, ihre neugewonnenen Kompetenzen wahrgenommen und einen Verordnungsentwurf f\u00fcr die Errichtung des EU-weiten Fingerabdruck-Datensystems EURODAC vorgelegt. Der Text des Vorschlags basierte auf dem Abkommensentwurf, den der Rat Anfang des Jahres zur\u00fcckgestellt hatte. Eurodac wird nach den Pl\u00e4nen von Kommission und Rat Fingerabdruckdaten von Asylsuchenden sowie von Personen enthalten, die an der Grenze oder auch im Inland nach einer illegalen Einreise angetroffen werden. <!--more-->F\u00fcr Asylsuchende soll die L\u00f6schungsfrist zehn Jahre, f\u00fcr illegal Eingereiste zwei Jahre betragen. Nicht in EURODAC gespeichert, wohl aber abgeglichen werden sollen Daten von Personen, die sich bereits illegal in einem EU-Staat aufhalten.<\/p>\n<p>Am 18.\u00a0November hat das Europ\u00e4ische Parlament dem Verordnungsentwurf weitgehend zugestimmt.<a href=\"#_ftn1\" name=\"_ftnref1\">[1]<\/a> Einziger strittiger Punkt bleibt die Altersgrenze. W\u00e4hrend die Kommission den Vorgaben des Rates folgte und bereits 14j\u00e4hrige in diesem System registrieren will, hatte der EP-Ausschu\u00df f\u00fcr B\u00fcrgerrechte mit Bezug auf die UN-Kinderrechts\u00adkonvention eine Grenze von 18 Jahren verlangt. Nach einer heftigen Debatte ist das Plenum des EP dieser eingeschr\u00e4nkten Variante gefolgt \u2013 gegen die Stimmen seiner gr\u00f6\u00dften Fraktion, der EVP, der auch die CDU\/CSU-Abgeordneten aus Deutschland angeh\u00f6ren.<\/p>\n<p>Da das EP nur konsultiert werden mu\u00df, kann der Rat diesen Beschlu\u00df problemlos \u00fcbergehen. Mit der Verabschiedung der Verordnung wird noch Ende dieses Jahres gerechnet.<\/p>\n<p>(Heiner Busch)<\/p>\n<h5><a href=\"#_ftnref1\" name=\"_ftn1\">[1]<\/a>\u00a0\u00a0 EP-Plenum Aktuell, Tagungswoche 15.-19.11.1999<\/h5>\n","protected":false},"excerpt":{"rendered":"<p>Wie wir in der letzten Ausgabe berichteten, hat die Kommission bereits am 29.\u00a0Mai 1999, also<\/p>\n","protected":false},"author":9,"featured_media":0,"comment_status":"closed","ping_status":"open","sticky":false,"template":"","format":"standard","meta":{"footnotes":""},"categories":[70,145],"tags":[],"class_list":["post-7322","post","type-post","status-publish","format-standard","hentry","category-cilip-064","category-meldungen-europa"],"_links":{"self":[{"href":"https:\/\/wp-dev.daten.cool\/index.php?rest_route=\/wp\/v2\/posts\/7322","targetHints":{"allow":["GET"]}}],"collection":[{"href":"https:\/\/wp-dev.daten.cool\/index.php?rest_route=\/wp\/v2\/posts"}],"about":[{"href":"https:\/\/wp-dev.daten.cool\/index.php?rest_route=\/wp\/v2\/types\/post"}],"author":[{"embeddable":true,"href":"https:\/\/wp-dev.daten.cool\/index.php?rest_route=\/wp\/v2\/users\/9"}],"replies":[{"embeddable":true,"href":"https:\/\/wp-dev.daten.cool\/index.php?rest_route=%2Fwp%2Fv2%2Fcomments&post=7322"}],"version-history":[{"count":0,"href":"https:\/\/wp-dev.daten.cool\/index.php?rest_route=\/wp\/v2\/posts\/7322\/revisions"}],"wp:attachment":[{"href":"https:\/\/wp-dev.daten.cool\/index.php?rest_route=%2Fwp%2Fv2%2Fmedia&parent=7322"}],"wp:term":[{"taxonomy":"category","embeddable":true,"href":"https:\/\/wp-dev.daten.cool\/index.php?rest_route=%2Fwp%2Fv2%2Fcategories&post=7322"},{"taxonomy":"post_tag","embeddable":true,"href":"https:\/\/wp-dev.daten.cool\/index.php?rest_route=%2Fwp%2Fv2%2Ftags&post=7322"}],"curies":[{"name":"wp","href":"https:\/\/api.w.org\/{rel}","templated":true}]}}