{"id":7324,"date":"1999-08-08T18:30:05","date_gmt":"1999-08-08T18:30:05","guid":{"rendered":"https:\/\/www.cilip.de\/?p=7324"},"modified":"1999-08-08T18:30:05","modified_gmt":"1999-08-08T18:30:05","slug":"neue-organisation-des-rats-fuer-inneres-und-justiz","status":"publish","type":"post","link":"https:\/\/wp-dev.daten.cool\/?p=7324","title":{"rendered":"Neue Organisation des Rats f\u00fcr Inneres und Justiz"},"content":{"rendered":"<p>Der Amsterdamer Vertrag ist am 1. Mai in Kraft getreten. Damit erfolgte auch eine Ver\u00e4nderung der bisherigen organisatorischen Strukturen der innen- und justizpolitischen Kooperation der EU. Fragen der Asyl- und Migrationspolitik, der Au\u00dfen- und Binnengrenzen, der Visumspolitik sowie der Zusammenarbeit im Zivilrecht geh\u00f6ren nun zur Ersten S\u00e4ule. Polizei-, Zoll- und strafrechtliche Kooperation verbleiben in der Dritten. Die Schengen-Kooperation wurde unter die gemeinschaftliche Erste und die intergouvernementale Dritte aufgeteilt, wobei das Schengener Informationssystem (SIS) als ganzes der letzteren zugeordnet wurde. Unter dem (Minister-) Rat wird es daher formell zwei Aussch\u00fcsse St\u00e4ndiger Vertreter (COREPER) geben.<!--more--><\/p>\n<p>In der Dritten S\u00e4ule ersetzt der \u201eArtikel 36-Ausschu\u00df\u201c den bisherigen K4-Ausschu\u00df. Ihm sind diverse Arbeitsgruppen unterstellt: die AG Informationssysteme und Datenschutz, die SIS-Arbeitsgruppe, die AG Polizeikooperation (Untergruppen Telekommunikation und Polizeitechnologie), die Europol-Arbeitsgruppe, die AGs Drogenhandel, Terrorismus, Zollkooperation sowie Strafrechtliche Zusammenarbeit I (F\u00fchrerscheine), II (Rechtshilfe) und III (Materielles Strafrecht).<\/p>\n<p>In den neuen Bereichen der Ersten S\u00e4ule hat die Kommission nun ein volles Initiativrecht. Die Spitze der neuen Verwaltungsstruktur bilden hier ein Ausschu\u00df f\u00fcr Zivilrechtsfragen und ein Strategischer Ausschu\u00df \u201eEinwanderung, Grenzen und Asyl\u201c. Unter letzterem finden sich folgende Arbeitsgruppen: Migration I (Aufnahme), II (Entfernung), Asyl (Untergruppen Eurodac und Dubliner \u00dcbereinkommen), Visa, Au\u00dfengrenzen (Untergruppe: gef\u00e4lschte Dokumente) sowie die \u201eFr\u00fchwarnsysteme\u201c f\u00fcr Asyl (CIREA) und Einwanderung (CIREFI).<\/p>\n<p>Zus\u00e4tzlich wird es weiterhin \u201ehochrangige\u201c und \u201ehorizontale\u201c Arbeitsgruppen geben: Multidisziplin\u00e4re Gruppe Organisierte Kriminalit\u00e4t, Kollektive Evaluation (f\u00fcr die Begutachtung der Beitrittsl\u00e4nder), Schengen-Ausschu\u00df, Horizontale Drogen-Gruppe, Hochrangige Gruppe Einwanderung und Asyl, Gemischte Arbeitsgruppe (mit den zu Schengen assoziierten Nicht-EU-Staaten Norwegen und Island) sowie die Horizontalen Gruppen Datenverarbeitung, Information und Au\u00dfenbeziehungen.<\/p>\n","protected":false},"excerpt":{"rendered":"<p>Der Amsterdamer Vertrag ist am 1. Mai in Kraft getreten. Damit erfolgte auch eine Ver\u00e4nderung<\/p>\n","protected":false},"author":2,"featured_media":0,"comment_status":"closed","ping_status":"open","sticky":false,"template":"","format":"standard","meta":{"footnotes":""},"categories":[69,145],"tags":[],"class_list":["post-7324","post","type-post","status-publish","format-standard","hentry","category-cilip-63","category-meldungen-europa"],"_links":{"self":[{"href":"https:\/\/wp-dev.daten.cool\/index.php?rest_route=\/wp\/v2\/posts\/7324","targetHints":{"allow":["GET"]}}],"collection":[{"href":"https:\/\/wp-dev.daten.cool\/index.php?rest_route=\/wp\/v2\/posts"}],"about":[{"href":"https:\/\/wp-dev.daten.cool\/index.php?rest_route=\/wp\/v2\/types\/post"}],"author":[{"embeddable":true,"href":"https:\/\/wp-dev.daten.cool\/index.php?rest_route=\/wp\/v2\/users\/2"}],"replies":[{"embeddable":true,"href":"https:\/\/wp-dev.daten.cool\/index.php?rest_route=%2Fwp%2Fv2%2Fcomments&post=7324"}],"version-history":[{"count":0,"href":"https:\/\/wp-dev.daten.cool\/index.php?rest_route=\/wp\/v2\/posts\/7324\/revisions"}],"wp:attachment":[{"href":"https:\/\/wp-dev.daten.cool\/index.php?rest_route=%2Fwp%2Fv2%2Fmedia&parent=7324"}],"wp:term":[{"taxonomy":"category","embeddable":true,"href":"https:\/\/wp-dev.daten.cool\/index.php?rest_route=%2Fwp%2Fv2%2Fcategories&post=7324"},{"taxonomy":"post_tag","embeddable":true,"href":"https:\/\/wp-dev.daten.cool\/index.php?rest_route=%2Fwp%2Fv2%2Ftags&post=7324"}],"curies":[{"name":"wp","href":"https:\/\/api.w.org\/{rel}","templated":true}]}}