{"id":7326,"date":"1999-08-08T18:31:19","date_gmt":"1999-08-08T18:31:19","guid":{"rendered":"https:\/\/www.cilip.de\/?p=7326"},"modified":"1999-08-08T18:31:19","modified_gmt":"1999-08-08T18:31:19","slug":"eurodac-verordnungsentwurf-der-kommission","status":"publish","type":"post","link":"https:\/\/wp-dev.daten.cool\/?p=7326","title":{"rendered":"Eurodac: Verordnungsentwurf der Kommission"},"content":{"rendered":"<p>In einem wesentlichen Punkt hat die Kommission bereits ihr Initiativrecht wahrgenommen. Am 26. Mai legte sie einen Vorschlag f\u00fcr eine Eurodac-Verordnung vor.<a href=\"#_ftn1\" name=\"_ftnref1\">[1]<\/a> Dieser reproduziert im wesentlichen die Inhalte der vom Rat noch unter dem Maastrichter Vertrag ausgehandelten Entw\u00fcrfe eines Eurodac-\u00dcbereinkommens und eines zugeh\u00f6rigen Protokolls, die Anfang des Jahres in Erwartung der neuen Amsterdamer M\u00f6glichkeiten auf Eis gelegt worden waren. <!--more-->Danach sollen alle Asylsuchenden in der EU ab einem Alter von 14 Jahren daktyloskopiert und in dem Informationssystem erfa\u00dft werden. Das gleiche gilt f\u00fcr Personen, die bei einem illegalen Grenz\u00fcbertritt oder Aufenthalt angetroffen werden. Diese Regelung aus dem Protokoll war vom Europ\u00e4ischen Parlament (EP) abgelehnt worden.<\/p>\n<p>Das neue Datensystem wird von der Kommission betrieben werden und unterliegt als Teil der Ersten S\u00e4ule auch der Europ\u00e4ischen Datenschutzrichtlinie. Das EP wird nun Gelegenheit zur Stellungnahme erhalten. Der Rat ist daran aber nicht gebunden.<\/p>\n<h5><a href=\"#_ftnref1\" name=\"_ftn1\">[1]<\/a>\u00a0\u00a0\u00a0 Kom (1999) 260<\/h5>\n","protected":false},"excerpt":{"rendered":"<p>In einem wesentlichen Punkt hat die Kommission bereits ihr Initiativrecht wahrgenommen. Am 26. Mai legte<\/p>\n","protected":false},"author":2,"featured_media":0,"comment_status":"closed","ping_status":"open","sticky":false,"template":"","format":"standard","meta":{"footnotes":""},"categories":[69,145],"tags":[],"class_list":["post-7326","post","type-post","status-publish","format-standard","hentry","category-cilip-63","category-meldungen-europa"],"_links":{"self":[{"href":"https:\/\/wp-dev.daten.cool\/index.php?rest_route=\/wp\/v2\/posts\/7326","targetHints":{"allow":["GET"]}}],"collection":[{"href":"https:\/\/wp-dev.daten.cool\/index.php?rest_route=\/wp\/v2\/posts"}],"about":[{"href":"https:\/\/wp-dev.daten.cool\/index.php?rest_route=\/wp\/v2\/types\/post"}],"author":[{"embeddable":true,"href":"https:\/\/wp-dev.daten.cool\/index.php?rest_route=\/wp\/v2\/users\/2"}],"replies":[{"embeddable":true,"href":"https:\/\/wp-dev.daten.cool\/index.php?rest_route=%2Fwp%2Fv2%2Fcomments&post=7326"}],"version-history":[{"count":0,"href":"https:\/\/wp-dev.daten.cool\/index.php?rest_route=\/wp\/v2\/posts\/7326\/revisions"}],"wp:attachment":[{"href":"https:\/\/wp-dev.daten.cool\/index.php?rest_route=%2Fwp%2Fv2%2Fmedia&parent=7326"}],"wp:term":[{"taxonomy":"category","embeddable":true,"href":"https:\/\/wp-dev.daten.cool\/index.php?rest_route=%2Fwp%2Fv2%2Fcategories&post=7326"},{"taxonomy":"post_tag","embeddable":true,"href":"https:\/\/wp-dev.daten.cool\/index.php?rest_route=%2Fwp%2Fv2%2Ftags&post=7326"}],"curies":[{"name":"wp","href":"https:\/\/api.w.org\/{rel}","templated":true}]}}