{"id":7328,"date":"1999-08-08T18:32:05","date_gmt":"1999-08-08T18:32:05","guid":{"rendered":"https:\/\/www.cilip.de\/?p=7328"},"modified":"1999-08-08T18:32:05","modified_gmt":"1999-08-08T18:32:05","slug":"tampere-gipfel","status":"publish","type":"post","link":"https:\/\/wp-dev.daten.cool\/?p=7328","title":{"rendered":"Tampere-Gipfel"},"content":{"rendered":"<p>Das am 15. und 16. Oktober stattfindende Gipfeltreffen der EU-Staats- und Regierungschefs sowie Au\u00dfenminister im finnischen Tampere wird auch f\u00fcr die Innen- und Justizpolitik zentrale Bedeutung haben. Wie einem Kurzbericht des Bundesinnenministeriums vom 31. Mai \u00fcber die zwei Tage vorher stattgefundene Ratstagung zu entnehmen ist, betr\u00e4fen die inhaltlichen Schwerpunkte des Tampere-Gipfels \u201edie Bereiche Asyl\/ Migration, Kriminalit\u00e4tsbek\u00e4mpfung und Angleichung von Rechtsvorschriften.\u201c Unter diesen Allgemeinpl\u00e4tzen verbirgt sich z.B. folgendes:<!--more--><\/p>\n<ul>\n<li>Der 1997 angenommene Aktionsplan zur Bek\u00e4mpfung der Organisierten Kriminalit\u00e4t wird erweitert, das Mandat der Multidisziplin\u00e4ren Gruppe (MDG) OK erneuert.<\/li>\n<li>Die im Amsterdamer Vertrag vorgesehene Ausweitung der Europol-Kompetenzen auf den operativen Bereich wird zumindest im Grundsatz diskutiert werden.<\/li>\n<li>Der Bericht der Hochrangigen Gruppe Asyl und Migration soll angenommen werden. Aktionspl\u00e4ne \u00fcber vier oder f\u00fcnf Regionen (Marokko, Somalia, Sri Lanka, Afghanistan\/\u00a0Pakistan, Irak\/\u00a0T\u00fcrkei) sollen beschlossen werden.<\/li>\n<li>Damit im Zusammenhang steht die Strategie der Union in Sachen Asyl und Migration. Dazu hatte sich bereits die \u00f6sterreichische Pr\u00e4sidentschaft in einem Grundsatzpapier vom Juni 1998 ge\u00e4u\u00dfert, das seinerzeit wegen der geforderten Aufk\u00fcndigung der Genfer Konvention viel Aufregung erzeugt hatte. Der Rat erkl\u00e4rte das Papier f\u00fcr erledigt, die deutsche Pr\u00e4sidentschaft w\u00e4hlte allerdings 48 der 116 Empfehlungen aus, die von den diversen Arbeitsgruppen (den AGs Asyl, Einwanderung, Visa sowie der MDG Organisierte Kriminalit\u00e4t) weiter aufbereitet werden sollten.<\/li>\n<\/ul>\n<p>Die Vorbereitung des Gipfels wird wenig Zeit f\u00fcr eine Debatte des EP lassen. Die Arbeits- und Expertengruppen sollen ihre Berichte bis Anfang September pr\u00e4sentieren. In der zweiten Septemberwoche werden die neuen Spitzenaussch\u00fcsse (Art. 36-Ausschu\u00df und Strategischer Ausschu\u00df Asyl\/\u00a0Migration) sowie COREPER tagen. F\u00fcr den 16.\/17. September ist ein informelles Ratstreffen in Turku und f\u00fcr den 4.\/5. Oktober ein formelles in Luxemburg angesetzt. Erst am 6. Oktober \u2013 neun Tage vor dem Gipfel \u2013 wird COREPER die letzten Differenzen ausr\u00e4umen. Zum Vergleich: Der zust\u00e4ndige Innen- und B\u00fcrgerrechtsausschu\u00df des neugew\u00e4hlten EP konstituiert sich erst Ende September.<\/p>\n","protected":false},"excerpt":{"rendered":"<p>Das am 15. und 16. Oktober stattfindende Gipfeltreffen der EU-Staats- und Regierungschefs sowie Au\u00dfenminister im<\/p>\n","protected":false},"author":2,"featured_media":0,"comment_status":"closed","ping_status":"open","sticky":false,"template":"","format":"standard","meta":{"footnotes":""},"categories":[69,145],"tags":[],"class_list":["post-7328","post","type-post","status-publish","format-standard","hentry","category-cilip-63","category-meldungen-europa"],"_links":{"self":[{"href":"https:\/\/wp-dev.daten.cool\/index.php?rest_route=\/wp\/v2\/posts\/7328","targetHints":{"allow":["GET"]}}],"collection":[{"href":"https:\/\/wp-dev.daten.cool\/index.php?rest_route=\/wp\/v2\/posts"}],"about":[{"href":"https:\/\/wp-dev.daten.cool\/index.php?rest_route=\/wp\/v2\/types\/post"}],"author":[{"embeddable":true,"href":"https:\/\/wp-dev.daten.cool\/index.php?rest_route=\/wp\/v2\/users\/2"}],"replies":[{"embeddable":true,"href":"https:\/\/wp-dev.daten.cool\/index.php?rest_route=%2Fwp%2Fv2%2Fcomments&post=7328"}],"version-history":[{"count":0,"href":"https:\/\/wp-dev.daten.cool\/index.php?rest_route=\/wp\/v2\/posts\/7328\/revisions"}],"wp:attachment":[{"href":"https:\/\/wp-dev.daten.cool\/index.php?rest_route=%2Fwp%2Fv2%2Fmedia&parent=7328"}],"wp:term":[{"taxonomy":"category","embeddable":true,"href":"https:\/\/wp-dev.daten.cool\/index.php?rest_route=%2Fwp%2Fv2%2Fcategories&post=7328"},{"taxonomy":"post_tag","embeddable":true,"href":"https:\/\/wp-dev.daten.cool\/index.php?rest_route=%2Fwp%2Fv2%2Ftags&post=7328"}],"curies":[{"name":"wp","href":"https:\/\/api.w.org\/{rel}","templated":true}]}}