{"id":7332,"date":"1999-02-08T18:34:32","date_gmt":"1999-02-08T18:34:32","guid":{"rendered":"https:\/\/www.cilip.de\/?p=7332"},"modified":"1999-02-08T18:34:32","modified_gmt":"1999-02-08T18:34:32","slug":"eurodac-per-verordnung","status":"publish","type":"post","link":"https:\/\/wp-dev.daten.cool\/?p=7332","title":{"rendered":"Eurodac per Verordnung"},"content":{"rendered":"<p>Die Pl\u00e4ne f\u00fcr die Fingerabdruckdatenbank Eurodac sind \u2013\u00a0 kurzfristig \u2013 auf Eis gelegt. Dies erkl\u00e4rte ein hoher Mitarbeiter des Bundesinnenministeriums auf einer Tagung der Gr\u00fcnen-Bundesarbeitsgemeinschaft \u201eDemokratie und Recht\u201c am 23.\u00a0Januar 1999 in Hannover. \u00dcber die inhaltlichen Fragen des Informationssystems war in den Gremien der 3.\u00a0S\u00e4ule bereits im M\u00e4rz 1998 Einigung erzielt worden. Auf Druck Deutschlands und \u00d6sterreichs sollen in Eurodac nicht nur die Fingerabdr\u00fccke von Asylsuchenden, sondern auch von \u201eillegalen Einwanderern\u201c gespeichert werden. <!--more-->Ziel der Datenbank, f\u00fcr die die rechtlichen und politischen Planungen schon seit Anfang des Jahrzehnts laufen, war es zun\u00e4chst \u201enur\u201c, Doppel- und Nachfolgeantr\u00e4ge auf Asyl (\u201eAsylmi\u00dfbrauch\u201c) zu verhindern. Eurodac w\u00e4re das technische Instrument f\u00fcr die Umsetzung des 1990 geschlossenen Dubliner Erstasylabkommens geworden, dessen Ratifizierung sich \u00fcber Jahre hinzog.<\/p>\n<p>Die Entscheidung, Eurodac vorerst zur\u00fcckzustellen, ist keineswegs darauf zur\u00fcckzuf\u00fchren, da\u00df die zust\u00e4ndigen Ministerien der EU-Staaten ihre Abschottungspolitik aufgegeben h\u00e4tten. Abgewartet wird nur, bis der Amsterdamer Vertrag in Kraft tritt, was voraussichtlich im Juni oder Juli der Fall sein wird. Mit dem neuen Vertragswerk wandert die Asyl- und Migrationspolitik von der dritten S\u00e4ule der EU in die erste. Dies hat im wesentlichen Auswirkungen auf die Rechtsform der zuk\u00fcnftigen EU-Asylpolitik. In der 3.\u00a0S\u00e4ule mu\u00dften bisher vor allem v\u00f6lkerrechtliche Vertr\u00e4ge entstehen, die nach der Unterzeichnung durch die nationalen Parlamente zu ratifizieren waren. Nur dort, wo man sich auf dem Boden bereits bestehender Abkommen oder innerstaatlichen Rechts bewegte, waren Gemeinsame Ma\u00dfnahmen m\u00f6glich, die die MinisterInnen im Alleingang beschlie\u00dfen konnten. Mit der in Amsterdam vereinbarten \u201eVergemeinschaftung\u201c entstehen nun, wie im Rahmen der Europ\u00e4ischen Gemeinschaft, der 1.\u00a0S\u00e4ule, Verordnungen und Richtlinien. Allerdings unterscheidet sich das Verfahren f\u00fcr die Asyl- und Einwanderungspolitik in den ersten f\u00fcnf Jahren ganz wesentlich von dem sonst in der 1.\u00a0S\u00e4ule \u00fcblichen. Das Europ\u00e4ische Parlament (EP) hat weiterhin keine Mitentscheidungsrechte, sondern wird nach Art.\u00a067 des EG-Vertrags nur angeh\u00f6rt. W\u00e4hrend das EP keine Rechte hinzugewinnt, verlieren die nationalen Parlamente ihre bisherigen M\u00f6glichkeiten. EG-Verordnungen haben unmittelbare G\u00fcltigkeit in den Mitgliedstaaten. Der langwierige Ratifizierungsproze\u00df f\u00fcr v\u00f6lkerrechtliche Vertr\u00e4ge entf\u00e4llt. Die erwartete Beschleunigung ist der Grund f\u00fcr die kurze Pause in Sachen Eurodac.<\/p>\n<p>(Heinrich Busch)<\/p>\n","protected":false},"excerpt":{"rendered":"<p>Die Pl\u00e4ne f\u00fcr die Fingerabdruckdatenbank Eurodac sind \u2013\u00a0 kurzfristig \u2013 auf Eis gelegt. Dies erkl\u00e4rte<\/p>\n","protected":false},"author":9,"featured_media":0,"comment_status":"closed","ping_status":"open","sticky":false,"template":"","format":"standard","meta":{"footnotes":""},"categories":[68,145],"tags":[],"class_list":["post-7332","post","type-post","status-publish","format-standard","hentry","category-cilip-062","category-meldungen-europa"],"_links":{"self":[{"href":"https:\/\/wp-dev.daten.cool\/index.php?rest_route=\/wp\/v2\/posts\/7332","targetHints":{"allow":["GET"]}}],"collection":[{"href":"https:\/\/wp-dev.daten.cool\/index.php?rest_route=\/wp\/v2\/posts"}],"about":[{"href":"https:\/\/wp-dev.daten.cool\/index.php?rest_route=\/wp\/v2\/types\/post"}],"author":[{"embeddable":true,"href":"https:\/\/wp-dev.daten.cool\/index.php?rest_route=\/wp\/v2\/users\/9"}],"replies":[{"embeddable":true,"href":"https:\/\/wp-dev.daten.cool\/index.php?rest_route=%2Fwp%2Fv2%2Fcomments&post=7332"}],"version-history":[{"count":0,"href":"https:\/\/wp-dev.daten.cool\/index.php?rest_route=\/wp\/v2\/posts\/7332\/revisions"}],"wp:attachment":[{"href":"https:\/\/wp-dev.daten.cool\/index.php?rest_route=%2Fwp%2Fv2%2Fmedia&parent=7332"}],"wp:term":[{"taxonomy":"category","embeddable":true,"href":"https:\/\/wp-dev.daten.cool\/index.php?rest_route=%2Fwp%2Fv2%2Fcategories&post=7332"},{"taxonomy":"post_tag","embeddable":true,"href":"https:\/\/wp-dev.daten.cool\/index.php?rest_route=%2Fwp%2Fv2%2Ftags&post=7332"}],"curies":[{"name":"wp","href":"https:\/\/api.w.org\/{rel}","templated":true}]}}